{"id":8247,"date":"2026-01-13T07:01:21","date_gmt":"2026-01-13T10:01:21","guid":{"rendered":"https:\/\/cafecommessias.com.br\/?p=8247"},"modified":"2026-01-13T07:01:36","modified_gmt":"2026-01-13T10:01:36","slug":"lula-mantem-silencio-em-meio-a-ditadura-do-ira-ja-ter-matado-mais-de-6-000-manifestantes","status":"publish","type":"post","link":"https:\/\/cafecommessias.com.br\/?p=8247","title":{"rendered":"Lula mant\u00e9m sil\u00eancio em meio a ditadura do Ir\u00e3 j\u00e1 ter matado mais de 6.000 manifestantes"},"content":{"rendered":"\n<p>O governo Lula (PT) mant\u00e9m sil\u00eancio absoluto sobre as atrocidades cometidas pelos seus aliados do Ir\u00e3, cujas for\u00e7as de repress\u00e3o podem ter matado mais de 6.000 manifestantes desde o in\u00edcio dos protestos nas ruas de Teer\u00e3, em 28 de dezembro. A informa\u00e7\u00e3o \u00e9 da ONG Iran Human Rights (IHR), com sede na Noruega. H\u00e1 subnotifica\u00e7\u00e3o de v\u00edtimas fatais, por isso at\u00e9 o in\u00edcio da noite desta segunda-feira (12), somente era poss\u00edvel confirmar cerca de 700 mortes.<\/p>\n\n\n\n<p>Apag\u00e3o digital imposto pela ditadura dos aiatol\u00e1s dificulta a coleta de dados, mas registros convencionais apontam para mais de 6.000 mortos. O Itamaraty distribui notas sobre quaisquer acontecimentos em outros pa\u00edses, mas se omite diante dos crimes cometidos por ditadores amigos.<\/p>\n\n\n\n<p>A maioria dos assassinados pela teocracia tinha menos de 30 anos, segundo Mahmood Amiry Moghaddam, diretor da IHR. Lula relativizou a invas\u00e3o da R\u00fassia, e sempre passa pano para ditadores amigos e \u00eddolos, como Maduro e Danel Ortega, entre outros.<\/p>\n\n\n\n<p><em><sub>Por Di\u00e1rio do Poder<\/sub><\/em><\/p>\n\n\n\n<p><\/p>\n","protected":false},"excerpt":{"rendered":"<p>O governo Lula (PT) mant\u00e9m sil\u00eancio absoluto sobre as atrocidades cometidas pelos seus aliados do Ir\u00e3, cujas for\u00e7as de repress\u00e3o podem ter matado mais de 6.000 manifestantes desde o in\u00edcio dos protestos nas ruas de Teer\u00e3, em 28 de dezembro. A informa\u00e7\u00e3o \u00e9 da ONG Iran Human Rights (IHR), com sede na Noruega. H\u00e1 subnotifica\u00e7\u00e3o&#8230;<\/p>\n","protected":false},"author":1,"featured_media":8248,"comment_status":"open","ping_status":"closed","sticky":false,"template":"","format":"standard","meta":{"footnotes":""},"categories":[3],"tags":[],"class_list":["post-8247","post","type-post","status-publish","format-standard","has-post-thumbnail","hentry","category-geral"],"_links":{"self":[{"href":"https:\/\/cafecommessias.com.br\/index.php?rest_route=\/wp\/v2\/posts\/8247","targetHints":{"allow":["GET"]}}],"collection":[{"href":"https:\/\/cafecommessias.com.br\/index.php?rest_route=\/wp\/v2\/posts"}],"about":[{"href":"https:\/\/cafecommessias.com.br\/index.php?rest_route=\/wp\/v2\/types\/post"}],"author":[{"embeddable":true,"href":"https:\/\/cafecommessias.com.br\/index.php?rest_route=\/wp\/v2\/users\/1"}],"replies":[{"embeddable":true,"href":"https:\/\/cafecommessias.com.br\/index.php?rest_route=%2Fwp%2Fv2%2Fcomments&post=8247"}],"version-history":[{"count":1,"href":"https:\/\/cafecommessias.com.br\/index.php?rest_route=\/wp\/v2\/posts\/8247\/revisions"}],"predecessor-version":[{"id":8249,"href":"https:\/\/cafecommessias.com.br\/index.php?rest_route=\/wp\/v2\/posts\/8247\/revisions\/8249"}],"wp:featuredmedia":[{"embeddable":true,"href":"https:\/\/cafecommessias.com.br\/index.php?rest_route=\/wp\/v2\/media\/8248"}],"wp:attachment":[{"href":"https:\/\/cafecommessias.com.br\/index.php?rest_route=%2Fwp%2Fv2%2Fmedia&parent=8247"}],"wp:term":[{"taxonomy":"category","embeddable":true,"href":"https:\/\/cafecommessias.com.br\/index.php?rest_route=%2Fwp%2Fv2%2Fcategories&post=8247"},{"taxonomy":"post_tag","embeddable":true,"href":"https:\/\/cafecommessias.com.br\/index.php?rest_route=%2Fwp%2Fv2%2Ftags&post=8247"}],"curies":[{"name":"wp","href":"https:\/\/api.w.org\/{rel}","templated":true}]}}