{"id":8250,"date":"2026-01-13T07:03:39","date_gmt":"2026-01-13T10:03:39","guid":{"rendered":"https:\/\/cafecommessias.com.br\/?p=8250"},"modified":"2026-01-13T07:03:51","modified_gmt":"2026-01-13T10:03:51","slug":"reajuste-do-minimo-em-2026-custara-r-428-bilhoes-aos-municipios","status":"publish","type":"post","link":"https:\/\/cafecommessias.com.br\/?p=8250","title":{"rendered":"Reajuste do m\u00ednimo em 2026 custar\u00e1 R$ 4,28 bilh\u00f5es aos munic\u00edpios"},"content":{"rendered":"\n<p>O&nbsp;<strong>sal\u00e1rio m\u00ednimo maior em 2026 deve elevar as despesas municipais em R$ 4,28 bilh\u00f5es<\/strong>. A proje\u00e7\u00e3o foi realizada pela Confedera\u00e7\u00e3o Nacional de Munic\u00edpios (CNM)&nbsp;com o objetivo de auxiliar no planejamento dos gastos p\u00fablicos municipais. O<strong>acr\u00e9scimo de R$ 103 no m\u00ednimo deve pressionar as despesas de pessoal ativo das prefeituras at\u00e9 o final de 2026, conforme a CNM.<\/strong><\/p>\n\n\n\n<p>A Confedera\u00e7\u00e3o alerta que o&nbsp;<strong>reajuste do piso salarial nacional exige aten\u00e7\u00e3o dos gestores municipais, com atua\u00e7\u00e3o focada em planejamento fiscal e gest\u00e3o de despesas de pessoal do munic\u00edpio.&nbsp;<\/strong><\/p>\n\n\n\n<p>Os dados apontam que a&nbsp;<strong>maior concentra\u00e7\u00e3o de servidores municipais que recebem at\u00e9 1,5 sal\u00e1rio m\u00ednimo est\u00e1 em Minas Gerais, Bahia e Cear\u00e1.<\/strong><\/p>\n\n\n\n<p>A quantidade de pessoal dessas UFs representa 32% do total nacional de servidores nessa faixa. \u201cPara os gestores desses estados, o planejamento de tesouraria deve ser particularmente robusto, dada a magnitude do impacto no agregado regional\u201d, diz a CNM.<\/p>\n\n\n\n<p>Pelas proje\u00e7\u00f5es, o estado com maior impacto financeiro anual ser\u00e1&nbsp;<strong>Minas Gerais, na ordem de R$ 537.943.782<\/strong>. Em seguida aparece&nbsp;<strong>Bahia, com R$ 452.654.532<\/strong>. O terceiro maior volume de despesas poder\u00e1 ser sentido pelo&nbsp;<strong>Cear\u00e1, sendo de R$ 356.958.391.&nbsp;<\/strong><\/p>\n\n\n\n<p>A an\u00e1lise da entidade refor\u00e7a que as prefeituras devem incorporar o novo patamar remunerat\u00f3rio nos c\u00e1lculos de todas as despesas vinculadas. Al\u00e9m disso, \u00e9 relevante que, conforme a Lei de Responsabilidade Fiscal (LRF), a gest\u00e3o promova a devida revis\u00e3o e eventual adequa\u00e7\u00e3o das proje\u00e7\u00f5es or\u00e7ament\u00e1rias estabelecidas na Lei de Diretrizes Or\u00e7ament\u00e1rias (LDO) e na Lei Or\u00e7ament\u00e1ria Anual (LOA) deste ano, destaca a CNM.<\/p>\n\n\n\n<h2 class=\"wp-block-heading\">Reflexos ser\u00e3o sentidos em fevereiro&nbsp;<\/h2>\n\n\n\n<p>A entidade explica que o sal\u00e1rio m\u00ednimo impacta diretamente os vencimentos de servidores, aposentados e pensionistas do setor p\u00fablico municipal. A proje\u00e7\u00e3o da CNM aponta que, apesar do reajuste ter validade legal a partir de janeiro, o impacto financeiro direto no Tesouro Municipal, referente \u00e0 primeira folha de pagamento do novo ano, ser\u00e1 sentido a partir de fevereiro.<\/p>\n\n\n\n<p>O&nbsp;<strong>estudo mostra que o reajuste do sal\u00e1rio m\u00ednimo para R$ 1.621 em 2026 representa um desafio em rela\u00e7\u00e3o \u00e0 implementa\u00e7\u00e3o para a gest\u00e3o municipal, j\u00e1 que pode impactar as cidades de formas distintas.<\/strong><\/p>\n\n\n\n<p>\u201cO reajuste do sal\u00e1rio m\u00ednimo nacional n\u00e3o afeta os cofres municipais de forma homog\u00eanea, sendo os munic\u00edpios de pequeno porte os mais vulner\u00e1veis e os que suportam o \u00f4nus proporcionalmente maior do aumento\u201d, aponta o documento da Confedera\u00e7\u00e3o.<\/p>\n\n\n\n<h2 class=\"wp-block-heading\">Quadro de pessoal<\/h2>\n\n\n\n<p>A estimativa da CNM sobre o impacto do novo sal\u00e1rio m\u00ednimo considera a expans\u00e3o cont\u00ednua do quadro de pessoal nas administra\u00e7\u00f5es municipais.<\/p>\n\n\n\n<p>Dados da &nbsp;da Rela\u00e7\u00e3o Anual de Informa\u00e7\u00f5es Sociais (RAIS) de 2023 indicam uma tend\u00eancia consistente de crescimento no n\u00famero de servidores, considerando todos os v\u00ednculos registrados ao longo do ano.<strong>&nbsp;Entre 2019 e 2023, esse contingente passou de 6,9 milh\u00f5es para 8,3 milh\u00f5es de ocupa\u00e7\u00f5es.&nbsp;<\/strong><\/p>\n\n\n\n<p>Segundo a CNM, cerca de 2,1 milh\u00f5es desses v\u00ednculos no \u00e2mbito municipal recebem remunera\u00e7\u00e3o de at\u00e9 1,5 sal\u00e1rio m\u00ednimo.<\/p>\n\n\n\n<p><em><sub>Por Brasil 61<\/sub><\/em><\/p>\n\n\n\n<p><\/p>\n","protected":false},"excerpt":{"rendered":"<p>O&nbsp;sal\u00e1rio m\u00ednimo maior em 2026 deve elevar as despesas municipais em R$ 4,28 bilh\u00f5es. A proje\u00e7\u00e3o foi realizada pela Confedera\u00e7\u00e3o Nacional de Munic\u00edpios (CNM)&nbsp;com o objetivo de auxiliar no planejamento dos gastos p\u00fablicos municipais. Oacr\u00e9scimo de R$ 103 no m\u00ednimo deve pressionar as despesas de pessoal ativo das prefeituras at\u00e9 o final de 2026, conforme&#8230;<\/p>\n","protected":false},"author":1,"featured_media":8251,"comment_status":"open","ping_status":"closed","sticky":false,"template":"","format":"standard","meta":{"footnotes":""},"categories":[7],"tags":[],"class_list":["post-8250","post","type-post","status-publish","format-standard","has-post-thumbnail","hentry","category-economia"],"_links":{"self":[{"href":"https:\/\/cafecommessias.com.br\/index.php?rest_route=\/wp\/v2\/posts\/8250","targetHints":{"allow":["GET"]}}],"collection":[{"href":"https:\/\/cafecommessias.com.br\/index.php?rest_route=\/wp\/v2\/posts"}],"about":[{"href":"https:\/\/cafecommessias.com.br\/index.php?rest_route=\/wp\/v2\/types\/post"}],"author":[{"embeddable":true,"href":"https:\/\/cafecommessias.com.br\/index.php?rest_route=\/wp\/v2\/users\/1"}],"replies":[{"embeddable":true,"href":"https:\/\/cafecommessias.com.br\/index.php?rest_route=%2Fwp%2Fv2%2Fcomments&post=8250"}],"version-history":[{"count":1,"href":"https:\/\/cafecommessias.com.br\/index.php?rest_route=\/wp\/v2\/posts\/8250\/revisions"}],"predecessor-version":[{"id":8252,"href":"https:\/\/cafecommessias.com.br\/index.php?rest_route=\/wp\/v2\/posts\/8250\/revisions\/8252"}],"wp:featuredmedia":[{"embeddable":true,"href":"https:\/\/cafecommessias.com.br\/index.php?rest_route=\/wp\/v2\/media\/8251"}],"wp:attachment":[{"href":"https:\/\/cafecommessias.com.br\/index.php?rest_route=%2Fwp%2Fv2%2Fmedia&parent=8250"}],"wp:term":[{"taxonomy":"category","embeddable":true,"href":"https:\/\/cafecommessias.com.br\/index.php?rest_route=%2Fwp%2Fv2%2Fcategories&post=8250"},{"taxonomy":"post_tag","embeddable":true,"href":"https:\/\/cafecommessias.com.br\/index.php?rest_route=%2Fwp%2Fv2%2Ftags&post=8250"}],"curies":[{"name":"wp","href":"https:\/\/api.w.org\/{rel}","templated":true}]}}