{"id":8296,"date":"2026-01-14T07:50:48","date_gmt":"2026-01-14T10:50:48","guid":{"rendered":"https:\/\/cafecommessias.com.br\/?p=8296"},"modified":"2026-01-14T07:51:02","modified_gmt":"2026-01-14T10:51:02","slug":"governo-do-rn-da-nome-de-titina-medeiros-a-casa-de-cultura-da-cidade-onde-atriz-cresceu","status":"publish","type":"post","link":"https:\/\/cafecommessias.com.br\/?p=8296","title":{"rendered":"Governo do RN d\u00e1 nome de Titina Medeiros \u00e0 casa de cultura da cidade onde atriz cresceu"},"content":{"rendered":"\n<p>A Casa de Cultura do munic\u00edpio de Acari, na regi\u00e3o do Serid\u00f3 potiguar, passou a se chamar oficialmente Casa de Cultura Popular Pal\u00e1cio Titina Medeiros, em homenagem \u00e0 atriz potiguar que faleceu no \u00faltimo domingo (11), aos 49 anos, em decorr\u00eancia de um c\u00e2ncer no p\u00e2ncreas.<\/p>\n\n\n\n<p>A mudan\u00e7a foi determinada por meio de um decreto publicado nesta ter\u00e7a-feira (13) pelo governo do estado. A homenagem reconhece a trajet\u00f3ria de Izabel Cristina de Medeiros, mais conhecida como Titina, que foi sepultada nesta segunda (12) na cidade onde cresceu.<\/p>\n\n\n\n<p>No decreto, o governo destaca a forte liga\u00e7\u00e3o hist\u00f3rica, cultural e afetiva da artista com o munic\u00edpio de Acari, al\u00e9m da atua\u00e7\u00e3o dela em iniciativas voltadas ao fortalecimento das pol\u00edticas culturais locais.<\/p>\n\n\n\n<p>O texto cita, inclusive, os esfor\u00e7os da atriz para a implanta\u00e7\u00e3o de uma Casa de Cultura na cidade.<\/p>\n\n\n\n<p><\/p>\n","protected":false},"excerpt":{"rendered":"<p>A Casa de Cultura do munic\u00edpio de Acari, na regi\u00e3o do Serid\u00f3 potiguar, passou a se chamar oficialmente Casa de Cultura Popular Pal\u00e1cio Titina Medeiros, em homenagem \u00e0 atriz potiguar que faleceu no \u00faltimo domingo (11), aos 49 anos, em decorr\u00eancia de um c\u00e2ncer no p\u00e2ncreas. A mudan\u00e7a foi determinada por meio de um decreto&#8230;<\/p>\n","protected":false},"author":1,"featured_media":8297,"comment_status":"open","ping_status":"closed","sticky":false,"template":"","format":"standard","meta":{"footnotes":""},"categories":[3],"tags":[],"class_list":["post-8296","post","type-post","status-publish","format-standard","has-post-thumbnail","hentry","category-geral"],"_links":{"self":[{"href":"https:\/\/cafecommessias.com.br\/index.php?rest_route=\/wp\/v2\/posts\/8296","targetHints":{"allow":["GET"]}}],"collection":[{"href":"https:\/\/cafecommessias.com.br\/index.php?rest_route=\/wp\/v2\/posts"}],"about":[{"href":"https:\/\/cafecommessias.com.br\/index.php?rest_route=\/wp\/v2\/types\/post"}],"author":[{"embeddable":true,"href":"https:\/\/cafecommessias.com.br\/index.php?rest_route=\/wp\/v2\/users\/1"}],"replies":[{"embeddable":true,"href":"https:\/\/cafecommessias.com.br\/index.php?rest_route=%2Fwp%2Fv2%2Fcomments&post=8296"}],"version-history":[{"count":1,"href":"https:\/\/cafecommessias.com.br\/index.php?rest_route=\/wp\/v2\/posts\/8296\/revisions"}],"predecessor-version":[{"id":8298,"href":"https:\/\/cafecommessias.com.br\/index.php?rest_route=\/wp\/v2\/posts\/8296\/revisions\/8298"}],"wp:featuredmedia":[{"embeddable":true,"href":"https:\/\/cafecommessias.com.br\/index.php?rest_route=\/wp\/v2\/media\/8297"}],"wp:attachment":[{"href":"https:\/\/cafecommessias.com.br\/index.php?rest_route=%2Fwp%2Fv2%2Fmedia&parent=8296"}],"wp:term":[{"taxonomy":"category","embeddable":true,"href":"https:\/\/cafecommessias.com.br\/index.php?rest_route=%2Fwp%2Fv2%2Fcategories&post=8296"},{"taxonomy":"post_tag","embeddable":true,"href":"https:\/\/cafecommessias.com.br\/index.php?rest_route=%2Fwp%2Fv2%2Ftags&post=8296"}],"curies":[{"name":"wp","href":"https:\/\/api.w.org\/{rel}","templated":true}]}}