{"id":8337,"date":"2026-01-15T05:13:54","date_gmt":"2026-01-15T08:13:54","guid":{"rendered":"https:\/\/cafecommessias.com.br\/?p=8337"},"modified":"2026-01-15T05:15:23","modified_gmt":"2026-01-15T08:15:23","slug":"governo-investira-r-854-mil-em-smart-tvs-para-cinema-e-musica-em-presidios-federais","status":"publish","type":"post","link":"https:\/\/cafecommessias.com.br\/?p=8337","title":{"rendered":"Governo investir\u00e1 R$ 85,4 mil em Smart TVs para cinema e m\u00fasica em pres\u00eddios federais"},"content":{"rendered":"\n<p>O governo federal vai investir R$ 85,4 mil em 40 Smart TVs para exibir filmes e m\u00fasicas nas cinco penitenci\u00e1rias federais de seguran\u00e7a m\u00e1xima. Cada unidade, incluindo a de Mossor\u00f3 (RN), receber\u00e1 oito televisores 4K de 50 polegadas, todos com acesso \u00e0 internet controlado.<\/p>\n\n\n\n<p>A iniciativa faz parte do programa ReintegraCINE, que substitui a antiga Cinemateca com DVDs e VHS por conte\u00fado digital.<\/p>\n\n\n\n<p>A Secretaria Nacional de Pol\u00edticas Penais afirma que a moderniza\u00e7\u00e3o \u00e9 necess\u00e1ria para acompanhar \u201cavan\u00e7os tecnol\u00f3gicos\u201d e que o acesso ser\u00e1 restrito, com sele\u00e7\u00e3o de presos e programa\u00e7\u00e3o aprovada pela dire\u00e7\u00e3o e Conselho Disciplinar.<\/p>\n\n\n\n<p>Os aparelhos custam R$ 2.135 cada e v\u00eam com suportes de teto, conex\u00e3o via Wi-Fi e cabo, m\u00faltiplas entradas HDMI e USB, al\u00e9m da desativa\u00e7\u00e3o de comandos por voz. A entrega est\u00e1 prevista para fevereiro de 2026.<\/p>\n\n\n\n<p>A Senappen garante que os presos n\u00e3o ter\u00e3o acesso direto \u00e0&nbsp;internet, e tudo ser\u00e1 monitorado com protocolos rigorosos de seguran\u00e7a.<\/p>\n\n\n\n<p>O programa \u00e9 defendido como moderniza\u00e7\u00e3o de atividades recreativas e educativas j\u00e1 previstas na Lei de Execu\u00e7\u00e3o Penal. Mas para cr\u00edticos, o gasto levanta a velha pergunta: ser\u00e1 que R$ 85 mil em Smart TVs \u00e9 prioridade em pres\u00eddios de seguran\u00e7a m\u00e1xima?<\/p>\n\n\n\n<p class=\"has-text-align-center\"><strong><em>PUBLICIDADE<\/em><\/strong><\/p>\n\n\n\n<figure class=\"wp-block-image size-full\"><img loading=\"lazy\" decoding=\"async\" width=\"790\" height=\"200\" src=\"https:\/\/cafecommessias.com.br\/wp-content\/uploads\/2025\/11\/790x200px_Estado.png\" alt=\"\" class=\"wp-image-6424\" srcset=\"https:\/\/cafecommessias.com.br\/wp-content\/uploads\/2025\/11\/790x200px_Estado.png 790w, https:\/\/cafecommessias.com.br\/wp-content\/uploads\/2025\/11\/790x200px_Estado-300x76.png 300w, https:\/\/cafecommessias.com.br\/wp-content\/uploads\/2025\/11\/790x200px_Estado-768x194.png 768w\" sizes=\"auto, (max-width: 790px) 100vw, 790px\" \/><\/figure>\n","protected":false},"excerpt":{"rendered":"<p>O governo federal vai investir R$ 85,4 mil em 40 Smart TVs para exibir filmes e m\u00fasicas nas cinco penitenci\u00e1rias federais de seguran\u00e7a m\u00e1xima. Cada unidade, incluindo a de Mossor\u00f3 (RN), receber\u00e1 oito televisores 4K de 50 polegadas, todos com acesso \u00e0 internet controlado. A iniciativa faz parte do programa ReintegraCINE, que substitui a antiga&#8230;<\/p>\n","protected":false},"author":1,"featured_media":8338,"comment_status":"open","ping_status":"closed","sticky":false,"template":"","format":"standard","meta":{"footnotes":""},"categories":[37,3],"tags":[],"class_list":["post-8337","post","type-post","status-publish","format-standard","has-post-thumbnail","hentry","category-brasil","category-geral"],"_links":{"self":[{"href":"https:\/\/cafecommessias.com.br\/index.php?rest_route=\/wp\/v2\/posts\/8337","targetHints":{"allow":["GET"]}}],"collection":[{"href":"https:\/\/cafecommessias.com.br\/index.php?rest_route=\/wp\/v2\/posts"}],"about":[{"href":"https:\/\/cafecommessias.com.br\/index.php?rest_route=\/wp\/v2\/types\/post"}],"author":[{"embeddable":true,"href":"https:\/\/cafecommessias.com.br\/index.php?rest_route=\/wp\/v2\/users\/1"}],"replies":[{"embeddable":true,"href":"https:\/\/cafecommessias.com.br\/index.php?rest_route=%2Fwp%2Fv2%2Fcomments&post=8337"}],"version-history":[{"count":2,"href":"https:\/\/cafecommessias.com.br\/index.php?rest_route=\/wp\/v2\/posts\/8337\/revisions"}],"predecessor-version":[{"id":8341,"href":"https:\/\/cafecommessias.com.br\/index.php?rest_route=\/wp\/v2\/posts\/8337\/revisions\/8341"}],"wp:featuredmedia":[{"embeddable":true,"href":"https:\/\/cafecommessias.com.br\/index.php?rest_route=\/wp\/v2\/media\/8338"}],"wp:attachment":[{"href":"https:\/\/cafecommessias.com.br\/index.php?rest_route=%2Fwp%2Fv2%2Fmedia&parent=8337"}],"wp:term":[{"taxonomy":"category","embeddable":true,"href":"https:\/\/cafecommessias.com.br\/index.php?rest_route=%2Fwp%2Fv2%2Fcategories&post=8337"},{"taxonomy":"post_tag","embeddable":true,"href":"https:\/\/cafecommessias.com.br\/index.php?rest_route=%2Fwp%2Fv2%2Ftags&post=8337"}],"curies":[{"name":"wp","href":"https:\/\/api.w.org\/{rel}","templated":true}]}}