{"id":8365,"date":"2026-01-16T18:26:29","date_gmt":"2026-01-16T21:26:29","guid":{"rendered":"https:\/\/cafecommessias.com.br\/?p=8365"},"modified":"2026-01-16T18:26:52","modified_gmt":"2026-01-16T21:26:52","slug":"bolsonaro-tem-episodios-de-soluco-em-primeira-noite-na-papudinha-e-fica-sem-contato-com-outros-presos","status":"publish","type":"post","link":"https:\/\/cafecommessias.com.br\/?p=8365","title":{"rendered":"Bolsonaro tem epis\u00f3dios de solu\u00e7o em primeira noite na Papudinha e fica sem contato com outros presos"},"content":{"rendered":"\n<p>O ex-presidente Jair Bolsonaro (PL) passou a primeira noite detido no 19\u00ba Batalh\u00e3o da Pol\u00edcia Militar do Distrito Federal, conhecido como Papudinha, ap\u00f3s ser transferido para o local na tarde de quinta-feira (15).<\/p>\n\n\n\n<p>Segundo a Folha, Bolsonaro teve epis\u00f3dios de solu\u00e7o, mas n\u00e3o apresentou queixas at\u00e9 a manh\u00e3 desta sexta-feira (16). Ele permanece isolado, sem contato com outros presos.<\/p>\n\n\n\n<p>O ex-ministro Anderson Torres e o ex-diretor da PRF Silvinei Vasques, tamb\u00e9m condenados pela tentativa de golpe, est\u00e3o em outra unidade do complexo e n\u00e3o tiveram contato com o ex-presidente.<\/p>\n\n\n\n<p>A transfer\u00eancia foi determinada pelo ministro Alexandre de Moraes, do STF, que tamb\u00e9m ordenou a realiza\u00e7\u00e3o de uma nova avalia\u00e7\u00e3o m\u00e9dica por uma junta da Pol\u00edcia Federal. Ap\u00f3s o laudo, Moraes decidir\u00e1 se Bolsonaro seguir\u00e1 na Papudinha ou ser\u00e1 levado a um hospital penitenci\u00e1rio.<\/p>\n\n\n\n<p>Bolsonaro foi condenado a 27 anos e 3 meses de pris\u00e3o por tentativa de golpe de Estado. A an\u00e1lise m\u00e9dica antecede a decis\u00e3o sobre o pedido de pris\u00e3o domiciliar apresentado pela defesa.<\/p>\n\n\n\n<p>Apesar das cr\u00edticas da fam\u00edlia sobre as condi\u00e7\u00f5es de cust\u00f3dia, Moraes afirmou que o cumprimento da pena n\u00e3o \u00e9 \u201cestadia hoteleira\u201d. Na Papudinha, Bolsonaro mant\u00e9m direito a atendimento m\u00e9dico 24 horas, visitas de seus m\u00e9dicos, fisioterapia e alimenta\u00e7\u00e3o especial. A cela, com capacidade para quatro pessoas, est\u00e1 sendo usada apenas por ele.<\/p>\n\n\n\n<p><a href=\"https:\/\/www.blogdobg.com.br\/bolsonaro-tem-episodios-de-soluco-em-primeira-noite-na-papudinha-e-fica-sem-contato-com-outros-presos\/#comentarios\"><\/a><\/p>\n\n\n\n<p><a href=\"tg:\/\/msg?text=https%3A%2F%2Fwww.blogdobg.com.br%2Fbolsonaro-tem-episodios-de-soluco-em-primeira-noite-na-papudinha-e-fica-sem-contato-com-outros-presos%2F%20Bolsonaro%20tem%20epis%C3%B3dios%20de%20solu%C3%A7o%20em%20primeira%20noite%20na%20Papudinha%20e%20fica%20sem%20contato%20com%20outros%20presos\"><\/a><\/p>\n\n\n\n<p><a href=\"whatsapp:\/\/send?text=https%3A%2F%2Fwww.blogdobg.com.br%2Fbolsonaro-tem-episodios-de-soluco-em-primeira-noite-na-papudinha-e-fica-sem-contato-com-outros-presos%2F%20Bolsonaro%20tem%20epis%C3%B3dios%20de%20solu%C3%A7o%20em%20primeira%20noite%20na%20Papudinha%20e%20fica%20sem%20contato%20com%20outros%20presos\"><\/a><\/p>\n\n\n\n<p><a target=\"_blank\" href=\"https:\/\/facebook.com\/sharer\/sharer.php?u=https%3A%2F%2Fwww.blogdobg.com.br%2Fbolsonaro-tem-episodios-de-soluco-em-primeira-noite-na-papudinha-e-fica-sem-contato-com-outros-presos%2F\" rel=\"noreferrer noopener\"><\/a><\/p>\n\n\n\n<p><a target=\"_blank\" href=\"https:\/\/twitter.com\/share?url=https%3A%2F%2Fwww.blogdobg.com.br%2Fbolsonaro-tem-episodios-de-soluco-em-primeira-noite-na-papudinha-e-fica-sem-contato-com-outros-presos%2F&amp;text=Bolsonaro%20tem%20epis%C3%B3dios%20de%20solu%C3%A7o%20em%20primeira%20noite%20na%20Papudinha%20e%20fica%20sem%20contato%20com%20outros%20presos\" rel=\"noreferrer noopener\"><\/a><\/p>\n\n\n\n<p><a href=\"mailto:?subject=Bolsonaro%20tem%20epis%C3%B3dios%20de%20solu%C3%A7o%20em%20primeira%20noite%20na%20Papudinha%20e%20fica%20sem%20contato%20com%20outros%20presos&amp;body=https%3A%2F%2Fwww.blogdobg.com.br%2Fbolsonaro-tem-episodios-de-soluco-em-primeira-noite-na-papudinha-e-fica-sem-contato-com-outros-presos%2F\"><\/a><\/p>\n","protected":false},"excerpt":{"rendered":"<p>O ex-presidente Jair Bolsonaro (PL) passou a primeira noite detido no 19\u00ba Batalh\u00e3o da Pol\u00edcia Militar do Distrito Federal, conhecido como Papudinha, ap\u00f3s ser transferido para o local na tarde de quinta-feira (15). Segundo a Folha, Bolsonaro teve epis\u00f3dios de solu\u00e7o, mas n\u00e3o apresentou queixas at\u00e9 a manh\u00e3 desta sexta-feira (16). Ele permanece isolado, sem&#8230;<\/p>\n","protected":false},"author":1,"featured_media":8366,"comment_status":"open","ping_status":"closed","sticky":false,"template":"","format":"standard","meta":{"footnotes":""},"categories":[3],"tags":[],"class_list":["post-8365","post","type-post","status-publish","format-standard","has-post-thumbnail","hentry","category-geral"],"_links":{"self":[{"href":"https:\/\/cafecommessias.com.br\/index.php?rest_route=\/wp\/v2\/posts\/8365","targetHints":{"allow":["GET"]}}],"collection":[{"href":"https:\/\/cafecommessias.com.br\/index.php?rest_route=\/wp\/v2\/posts"}],"about":[{"href":"https:\/\/cafecommessias.com.br\/index.php?rest_route=\/wp\/v2\/types\/post"}],"author":[{"embeddable":true,"href":"https:\/\/cafecommessias.com.br\/index.php?rest_route=\/wp\/v2\/users\/1"}],"replies":[{"embeddable":true,"href":"https:\/\/cafecommessias.com.br\/index.php?rest_route=%2Fwp%2Fv2%2Fcomments&post=8365"}],"version-history":[{"count":1,"href":"https:\/\/cafecommessias.com.br\/index.php?rest_route=\/wp\/v2\/posts\/8365\/revisions"}],"predecessor-version":[{"id":8367,"href":"https:\/\/cafecommessias.com.br\/index.php?rest_route=\/wp\/v2\/posts\/8365\/revisions\/8367"}],"wp:featuredmedia":[{"embeddable":true,"href":"https:\/\/cafecommessias.com.br\/index.php?rest_route=\/wp\/v2\/media\/8366"}],"wp:attachment":[{"href":"https:\/\/cafecommessias.com.br\/index.php?rest_route=%2Fwp%2Fv2%2Fmedia&parent=8365"}],"wp:term":[{"taxonomy":"category","embeddable":true,"href":"https:\/\/cafecommessias.com.br\/index.php?rest_route=%2Fwp%2Fv2%2Fcategories&post=8365"},{"taxonomy":"post_tag","embeddable":true,"href":"https:\/\/cafecommessias.com.br\/index.php?rest_route=%2Fwp%2Fv2%2Ftags&post=8365"}],"curies":[{"name":"wp","href":"https:\/\/api.w.org\/{rel}","templated":true}]}}