{"id":8378,"date":"2026-01-16T18:34:11","date_gmt":"2026-01-16T21:34:11","guid":{"rendered":"https:\/\/cafecommessias.com.br\/?p=8378"},"modified":"2026-01-16T18:34:37","modified_gmt":"2026-01-16T21:34:37","slug":"michelle-reclama-de-ida-de-bolsonaro-para-papudinha-apos-conversar-com-ministros-do-stf-por-prisao-domiciliar","status":"publish","type":"post","link":"https:\/\/cafecommessias.com.br\/?p=8378","title":{"rendered":"Michelle reclama de ida de Bolsonaro para Papudinha ap\u00f3s conversar com ministros do STF por pris\u00e3o domiciliar"},"content":{"rendered":"\n<p>A ex-primeira-dama Michelle Bolsonaro reagiu nesta sexta-feira \u00e0 transfer\u00eancia do ex-presidente Jair Bolsonaro para o Centro de Deten\u00e7\u00e3o Provis\u00f3ria da Papuda, em Bras\u00edlia, conhecido como \u201cPapudinha\u201d.<\/p>\n\n\n\n<p>Michelle afirmou, nas redes sociais, que o marido \u00e9 inocente e negou qualquer tentativa de golpe. Ela voltou a criticar a condena\u00e7\u00e3o e defendeu a concess\u00e3o de pris\u00e3o domiciliar. \u201cMeu marido n\u00e3o cometeu crime algum. N\u00e3o houve golpe. Est\u00e1 tudo errado desde o in\u00edcio\u201d, escreveu.<\/p>\n\n\n\n<p>Segundo apura\u00e7\u00e3o do jornal&nbsp;<em>O Globo<\/em>, Michelle se reuniu com o ministro Gilmar Mendes, do STF, em uma tentativa de sensibiliz\u00e1-lo sobre o estado de sa\u00fade de Bolsonaro.<\/p>\n\n\n\n<p>Na publica\u00e7\u00e3o, a ex-primeira-dama destacou o impacto pessoal da situa\u00e7\u00e3o. Disse carregar a dor do marido, da filha e de pessoas pr\u00f3ximas, e afirmou que o lugar de Bolsonaro \u201c\u00e9 em casa, com a fam\u00edlia\u201d.<\/p>\n\n\n\n<p>Nos bastidores, aliados avaliam que a transfer\u00eancia para a Papudinha representa uma melhora nas condi\u00e7\u00f5es de cust\u00f3dia e pode ser um passo rumo \u00e0 pris\u00e3o domiciliar. Bolsonaristas atribuem a mudan\u00e7a \u00e0 atua\u00e7\u00e3o de Michelle e do governador de S\u00e3o Paulo, Tarc\u00edsio de Freitas, que tamb\u00e9m procurou ministros do STF.<\/p>\n\n\n\n<p>A postagem foi acompanhada por uma mensagem religiosa, refor\u00e7ando a liga\u00e7\u00e3o de Michelle com o p\u00fablico evang\u00e9lico.<\/p>\n","protected":false},"excerpt":{"rendered":"<p>A ex-primeira-dama Michelle Bolsonaro reagiu nesta sexta-feira \u00e0 transfer\u00eancia do ex-presidente Jair Bolsonaro para o Centro de Deten\u00e7\u00e3o Provis\u00f3ria da Papuda, em Bras\u00edlia, conhecido como \u201cPapudinha\u201d. Michelle afirmou, nas redes sociais, que o marido \u00e9 inocente e negou qualquer tentativa de golpe. Ela voltou a criticar a condena\u00e7\u00e3o e defendeu a concess\u00e3o de pris\u00e3o domiciliar&#8230;.<\/p>\n","protected":false},"author":1,"featured_media":8379,"comment_status":"open","ping_status":"closed","sticky":false,"template":"","format":"standard","meta":{"footnotes":""},"categories":[3],"tags":[],"class_list":["post-8378","post","type-post","status-publish","format-standard","has-post-thumbnail","hentry","category-geral"],"_links":{"self":[{"href":"https:\/\/cafecommessias.com.br\/index.php?rest_route=\/wp\/v2\/posts\/8378","targetHints":{"allow":["GET"]}}],"collection":[{"href":"https:\/\/cafecommessias.com.br\/index.php?rest_route=\/wp\/v2\/posts"}],"about":[{"href":"https:\/\/cafecommessias.com.br\/index.php?rest_route=\/wp\/v2\/types\/post"}],"author":[{"embeddable":true,"href":"https:\/\/cafecommessias.com.br\/index.php?rest_route=\/wp\/v2\/users\/1"}],"replies":[{"embeddable":true,"href":"https:\/\/cafecommessias.com.br\/index.php?rest_route=%2Fwp%2Fv2%2Fcomments&post=8378"}],"version-history":[{"count":1,"href":"https:\/\/cafecommessias.com.br\/index.php?rest_route=\/wp\/v2\/posts\/8378\/revisions"}],"predecessor-version":[{"id":8380,"href":"https:\/\/cafecommessias.com.br\/index.php?rest_route=\/wp\/v2\/posts\/8378\/revisions\/8380"}],"wp:featuredmedia":[{"embeddable":true,"href":"https:\/\/cafecommessias.com.br\/index.php?rest_route=\/wp\/v2\/media\/8379"}],"wp:attachment":[{"href":"https:\/\/cafecommessias.com.br\/index.php?rest_route=%2Fwp%2Fv2%2Fmedia&parent=8378"}],"wp:term":[{"taxonomy":"category","embeddable":true,"href":"https:\/\/cafecommessias.com.br\/index.php?rest_route=%2Fwp%2Fv2%2Fcategories&post=8378"},{"taxonomy":"post_tag","embeddable":true,"href":"https:\/\/cafecommessias.com.br\/index.php?rest_route=%2Fwp%2Fv2%2Ftags&post=8378"}],"curies":[{"name":"wp","href":"https:\/\/api.w.org\/{rel}","templated":true}]}}