{"id":8393,"date":"2026-01-17T09:25:17","date_gmt":"2026-01-17T12:25:17","guid":{"rendered":"https:\/\/cafecommessias.com.br\/?p=8393"},"modified":"2026-01-17T09:25:31","modified_gmt":"2026-01-17T12:25:31","slug":"video-dilma-multiplica-300-milhoes-de-dolares-a-5-reais-e-diz-que-vai-dar-mais-ou-menos-900-milhoes-de-reais","status":"publish","type":"post","link":"https:\/\/cafecommessias.com.br\/?p=8393","title":{"rendered":"V\u00cdDEO: Dilma multiplica 300 milh\u00f5es de d\u00f3lares a 5 reais e diz que vai dar mais ou menos 900 milh\u00f5es de reais"},"content":{"rendered":"\n<figure class=\"wp-block-embed is-type-rich is-provider-twitter wp-block-embed-twitter\"><div class=\"wp-block-embed__wrapper\">\n<blockquote class=\"twitter-tweet\" data-width=\"550\" data-dnt=\"true\"><p lang=\"pt\" dir=\"ltr\">V\u00cdDEO: Dilma multiplica 300 milh\u00f5es de d\u00f3lares a 5 reais e diz que vai dar mais ou menos 900 milh\u00f5es de reais. <a href=\"https:\/\/t.co\/Hmpn4aakMO\">https:\/\/t.co\/Hmpn4aakMO<\/a> <a href=\"https:\/\/t.co\/oio5NSgZLK\">pic.twitter.com\/oio5NSgZLK<\/a><\/p>&mdash; BLOGDOBG (@BlogdoBG) <a href=\"https:\/\/twitter.com\/BlogdoBG\/status\/2012486415318147498?ref_src=twsrc%5Etfw\">January 17, 2026<\/a><\/blockquote><script async src=\"https:\/\/platform.twitter.com\/widgets.js\" charset=\"utf-8\"><\/script>\n<\/div><\/figure>\n\n\n\n<p>Durante a cerim\u00f4nia no Pal\u00e1cio do Planalto para a assinatura do contrato do primeiro hospital inteligente p\u00fablico do Brasil, a ex-presidente Dilma Rousseff chamou aten\u00e7\u00e3o ao errar a convers\u00e3o do valor do investimento, em um c\u00e1lculo totalmente errado.<\/p>\n\n\n\n<p>O acordo prev\u00ea US$ 320 milh\u00f5es para a constru\u00e7\u00e3o do Instituto Tecnol\u00f3gico de Medicina Inteligente (ITMI), em S\u00e3o Paulo, mas Dilma afirmou que o valor equivaleria a R$ 900 milh\u00f5es \u2014 enquanto, na cota\u00e7\u00e3o correta, o montante seria cerca de R$ 1,65 bilh\u00e3o.<\/p>\n\n\n\n<p>Atual presidente do Banco do BRICS (NDB), Dilma participou do evento ao lado de Lula e do ministro da Sa\u00fade, Alexandre Padilha.<\/p>\n\n\n\n<p>O hospital ter\u00e1 investimento total de R$ 1,9 bilh\u00e3o na unidade e R$ 4,8 bilh\u00f5es na rede nacional do SUS, utilizando intelig\u00eancia artificial, telemedicina e conectividade digital.<\/p>\n","protected":false},"excerpt":{"rendered":"<p>Durante a cerim\u00f4nia no Pal\u00e1cio do Planalto para a assinatura do contrato do primeiro hospital inteligente p\u00fablico do Brasil, a ex-presidente Dilma Rousseff chamou aten\u00e7\u00e3o ao errar a convers\u00e3o do valor do investimento, em um c\u00e1lculo totalmente errado. O acordo prev\u00ea US$ 320 milh\u00f5es para a constru\u00e7\u00e3o do Instituto Tecnol\u00f3gico de Medicina Inteligente (ITMI), em&#8230;<\/p>\n","protected":false},"author":1,"featured_media":8394,"comment_status":"open","ping_status":"closed","sticky":false,"template":"","format":"standard","meta":{"footnotes":""},"categories":[6],"tags":[],"class_list":["post-8393","post","type-post","status-publish","format-standard","has-post-thumbnail","hentry","category-politica"],"_links":{"self":[{"href":"https:\/\/cafecommessias.com.br\/index.php?rest_route=\/wp\/v2\/posts\/8393","targetHints":{"allow":["GET"]}}],"collection":[{"href":"https:\/\/cafecommessias.com.br\/index.php?rest_route=\/wp\/v2\/posts"}],"about":[{"href":"https:\/\/cafecommessias.com.br\/index.php?rest_route=\/wp\/v2\/types\/post"}],"author":[{"embeddable":true,"href":"https:\/\/cafecommessias.com.br\/index.php?rest_route=\/wp\/v2\/users\/1"}],"replies":[{"embeddable":true,"href":"https:\/\/cafecommessias.com.br\/index.php?rest_route=%2Fwp%2Fv2%2Fcomments&post=8393"}],"version-history":[{"count":1,"href":"https:\/\/cafecommessias.com.br\/index.php?rest_route=\/wp\/v2\/posts\/8393\/revisions"}],"predecessor-version":[{"id":8395,"href":"https:\/\/cafecommessias.com.br\/index.php?rest_route=\/wp\/v2\/posts\/8393\/revisions\/8395"}],"wp:featuredmedia":[{"embeddable":true,"href":"https:\/\/cafecommessias.com.br\/index.php?rest_route=\/wp\/v2\/media\/8394"}],"wp:attachment":[{"href":"https:\/\/cafecommessias.com.br\/index.php?rest_route=%2Fwp%2Fv2%2Fmedia&parent=8393"}],"wp:term":[{"taxonomy":"category","embeddable":true,"href":"https:\/\/cafecommessias.com.br\/index.php?rest_route=%2Fwp%2Fv2%2Fcategories&post=8393"},{"taxonomy":"post_tag","embeddable":true,"href":"https:\/\/cafecommessias.com.br\/index.php?rest_route=%2Fwp%2Fv2%2Ftags&post=8393"}],"curies":[{"name":"wp","href":"https:\/\/api.w.org\/{rel}","templated":true}]}}