{"id":8396,"date":"2026-01-17T09:28:51","date_gmt":"2026-01-17T12:28:51","guid":{"rendered":"https:\/\/cafecommessias.com.br\/?p=8396"},"modified":"2026-01-17T09:29:05","modified_gmt":"2026-01-17T12:29:05","slug":"ipem-rn-orienta-sobre-novas-regras-do-inmetro-para-taximetros-apos-reparos","status":"publish","type":"post","link":"https:\/\/cafecommessias.com.br\/?p=8396","title":{"rendered":"Ipem-RN orienta sobre novas regras do Inmetro para tax\u00edmetros ap\u00f3s reparos"},"content":{"rendered":"\n<p>O Inmetro divulgou novas orienta\u00e7\u00f5es que tornam mais simples e direto o processo de controle dos tax\u00edmetros ap\u00f3s reparos, troca de tarifas ou outras altera\u00e7\u00f5es.<\/p>\n\n\n\n<p>O objetivo \u00e9 desburocratizar o procedimento, mantendo a seguran\u00e7a e a confiabilidade da medi\u00e7\u00e3o para o consumidor. No Rio Grande do Norte, o Ipem-RN (Instituto de Pesos e Medidas) \u00e9 o \u00f3rg\u00e3o delegado respons\u00e1vel pela execu\u00e7\u00e3o das fiscaliza\u00e7\u00f5es e pelo controle metrol\u00f3gico estadual.<\/p>\n\n\n\n<p>As mudan\u00e7as se somam a uma importante atualiza\u00e7\u00e3o regulat\u00f3ria ocorrida em julho de 2025, quando o Inmetro revisou o prazo de verifica\u00e7\u00e3o para cada dois anos, antes era anual, e isentou os taxistas do pagamento da taxa metrol\u00f3gica. Essa mudan\u00e7a faz parte do processo de moderniza\u00e7\u00e3o regulat\u00f3ria, com impactos positivos tanto para os profissionais da categoria quanto para a efici\u00eancia das a\u00e7\u00f5es de metrologia legal.<\/p>\n\n\n\n<p><strong>Principais mudan\u00e7as nas orienta\u00e7\u00f5es:<\/strong><\/p>\n\n\n\n<p>1. Interven\u00e7\u00f5es registradas pela oficina<\/p>\n\n\n\n<p>Reparos, ajustes de tarifa, troca de propriet\u00e1rio, do tax\u00edmetro ou do ve\u00edculo devem ser feitos exclusivamente por oficinas autorizadas. Ap\u00f3s o servi\u00e7o, a pr\u00f3pria oficina \u00e9 respons\u00e1vel por registrar a interven\u00e7\u00e3o no sistema online do Inmetro (PSIE), informando os lacres e marcas de reparo utilizados.<\/p>\n\n\n\n<p>2. N\u00e3o \u00e9 mais necess\u00e1rio verifica\u00e7\u00e3o imediata<\/p>\n\n\n\n<p>Ap\u00f3s o reparo ou altera\u00e7\u00e3o, n\u00e3o \u00e9 mais obrigat\u00f3rio levar o tax\u00edmetro ao Ipem-RN para uma nova verifica\u00e7\u00e3o metrol\u00f3gica, nem emitir um certificado de verifica\u00e7\u00e3o intermedi\u00e1rio. O equipamento permanece v\u00e1lido para uso at\u00e9 a data da pr\u00f3xima verifica\u00e7\u00e3o peri\u00f3dica obrigat\u00f3ria, conforme o calend\u00e1rio estabelecido.<\/p>\n\n\n\n<p>3. Fiscaliza\u00e7\u00e3o refor\u00e7ada<\/p>\n\n\n\n<p>O Ipem-RN intensificar\u00e1 as a\u00e7\u00f5es de fiscaliza\u00e7\u00e3o de campo para verificar se os registros das interven\u00e7\u00f5es est\u00e3o sendo feitos corretamente no sistema. Irregularidades que comprometam a medi\u00e7\u00e3o ou os direitos dos usu\u00e1rios ser\u00e3o punidas com as medidas administrativas cab\u00edveis e s\u00e3o pass\u00edveis de multa.<\/p>\n\n\n\n<p>4. Orienta\u00e7\u00f5es para novos taxistas<\/p>\n\n\n\n<p>Condutores ainda n\u00e3o cadastrados devem comparecer ao Ipem-RN para realizar o cadastramento no sistema. N\u00e3o sendo necess\u00e1ria a verifica\u00e7\u00e3o metrol\u00f3gica do tax\u00edmetro. Os lacres e marcas aplicados pela oficina autorizada permanecem v\u00e1lidos at\u00e9 a verifica\u00e7\u00e3o peri\u00f3dica seguinte.<\/p>\n\n\n\n<p>5. Fim do certificado intermedi\u00e1rio<\/p>\n\n\n\n<p>N\u00e3o ser\u00e1 mais emitido certificado de verifica\u00e7\u00e3o metrol\u00f3gica decorrente apenas de reparos ou interven\u00e7\u00f5es realizadas pelas oficinas permission\u00e1rias. A validade do tax\u00edmetro \u00e9 mantida at\u00e9 a pr\u00f3xima verifica\u00e7\u00e3o programada.<\/p>\n\n\n\n<p>\u201cAs novas regras do Inmetro trazem agilidade para os taxistas, que n\u00e3o precisar\u00e3o mais passar por uma nova verifica\u00e7\u00e3o ap\u00f3s cada reparo em oficina autorizada. O Ipem-RN acompanhar\u00e1 esse processo por meio da fiscaliza\u00e7\u00e3o, garantindo que os registros sejam feitos corretamente e que os direitos dos consumidores permane\u00e7am protegidos\u201d, explica o diretor-geral do Ipem-RN, Itamar Cir\u00edaco.<\/p>\n\n\n\n<p><em><sub>Fonte: IPEM RN<\/sub><\/em><\/p>\n\n\n\n<p><\/p>\n","protected":false},"excerpt":{"rendered":"<p>O Inmetro divulgou novas orienta\u00e7\u00f5es que tornam mais simples e direto o processo de controle dos tax\u00edmetros ap\u00f3s reparos, troca de tarifas ou outras altera\u00e7\u00f5es. O objetivo \u00e9 desburocratizar o procedimento, mantendo a seguran\u00e7a e a confiabilidade da medi\u00e7\u00e3o para o consumidor. No Rio Grande do Norte, o Ipem-RN (Instituto de Pesos e Medidas) \u00e9&#8230;<\/p>\n","protected":false},"author":1,"featured_media":8397,"comment_status":"open","ping_status":"closed","sticky":false,"template":"","format":"standard","meta":{"footnotes":""},"categories":[3],"tags":[],"class_list":["post-8396","post","type-post","status-publish","format-standard","has-post-thumbnail","hentry","category-geral"],"_links":{"self":[{"href":"https:\/\/cafecommessias.com.br\/index.php?rest_route=\/wp\/v2\/posts\/8396","targetHints":{"allow":["GET"]}}],"collection":[{"href":"https:\/\/cafecommessias.com.br\/index.php?rest_route=\/wp\/v2\/posts"}],"about":[{"href":"https:\/\/cafecommessias.com.br\/index.php?rest_route=\/wp\/v2\/types\/post"}],"author":[{"embeddable":true,"href":"https:\/\/cafecommessias.com.br\/index.php?rest_route=\/wp\/v2\/users\/1"}],"replies":[{"embeddable":true,"href":"https:\/\/cafecommessias.com.br\/index.php?rest_route=%2Fwp%2Fv2%2Fcomments&post=8396"}],"version-history":[{"count":1,"href":"https:\/\/cafecommessias.com.br\/index.php?rest_route=\/wp\/v2\/posts\/8396\/revisions"}],"predecessor-version":[{"id":8398,"href":"https:\/\/cafecommessias.com.br\/index.php?rest_route=\/wp\/v2\/posts\/8396\/revisions\/8398"}],"wp:featuredmedia":[{"embeddable":true,"href":"https:\/\/cafecommessias.com.br\/index.php?rest_route=\/wp\/v2\/media\/8397"}],"wp:attachment":[{"href":"https:\/\/cafecommessias.com.br\/index.php?rest_route=%2Fwp%2Fv2%2Fmedia&parent=8396"}],"wp:term":[{"taxonomy":"category","embeddable":true,"href":"https:\/\/cafecommessias.com.br\/index.php?rest_route=%2Fwp%2Fv2%2Fcategories&post=8396"},{"taxonomy":"post_tag","embeddable":true,"href":"https:\/\/cafecommessias.com.br\/index.php?rest_route=%2Fwp%2Fv2%2Ftags&post=8396"}],"curies":[{"name":"wp","href":"https:\/\/api.w.org\/{rel}","templated":true}]}}