{"id":8414,"date":"2026-01-17T09:42:31","date_gmt":"2026-01-17T12:42:31","guid":{"rendered":"https:\/\/cafecommessias.com.br\/?p=8414"},"modified":"2026-01-17T09:42:47","modified_gmt":"2026-01-17T12:42:47","slug":"governo-do-rn-lanca-edital-com-102-vagas-para-o-programa-gente-do-campo","status":"publish","type":"post","link":"https:\/\/cafecommessias.com.br\/?p=8414","title":{"rendered":"Governo do RN lan\u00e7a edital com 102 vagas para o Programa Gente do Campo"},"content":{"rendered":"\n<p>O Governo do Estado do Rio Grande do Norte, por interm\u00e9dio da Secretaria de Estado do Desenvolvimento Rural e da Agricultura Familiar (Sedraf) e do Instituto de Assist\u00eancia T\u00e9cnica e Extens\u00e3o Rural (Emater-RN), em parceria com a Universidade do Estado do Rio Grande do Norte (UERN) e a Funda\u00e7\u00e3o para o Desenvolvimento da Ci\u00eancia, Tecnologia e Inova\u00e7\u00e3o (FUNCITERN), abriu dois processos seletivos simplificados para o Programa Gente do Campo.<\/p>\n\n\n\n<p>A iniciativa visa preencher 102 vagas distribu\u00eddas entre candidatos de n\u00edvel m\u00e9dio e superior, com o objetivo de promover a forma\u00e7\u00e3o continuada e fortalecer a Assist\u00eancia T\u00e9cnica e Extens\u00e3o Rural (ATER) no estado.<\/p>\n\n\n\n<p>As inscri\u00e7\u00f5es ser\u00e3o realizadas exclusivamente pela internet, no site da FUNCITERN, entre os dias 20 de janeiro e 01 de fevereiro de 2026.<\/p>\n\n\n\n<p><em>\u201cCom o Programa Gente do Campo, estamos reafirmando o compromisso do governo do RN com a juventude rural, com a agricultura familiar e com os povos e comunidades tradicionais, garantindo acesso \u00e0 educa\u00e7\u00e3o de qualidade, forma\u00e7\u00e3o profissional e oportunidades concretas de perman\u00eancia no campo com dignidade. \u00c9 uma pol\u00edtica que une conhecimento, inclus\u00e3o social e desenvolvimento sustent\u00e1vel, fortalecendo a extens\u00e3o rural e construindo um futuro com mais justi\u00e7a e esperan\u00e7a para o nosso Rio Grande do Norte\u201d, ressaltou a governadora F\u00e1tima Bezerra.<\/em><\/p>\n\n\n\n<p>A maior parte das oportunidades destina-se a jovens com ensino m\u00e9dio completo, com idade entre 18 e 29 anos, com foco na juventude oriunda da agricultura familiar e comunidades de povos tradicionais, que ocupar\u00e3o 80 vagas na modalidade de educando-bolsista. Os selecionados receber\u00e3o bolsa mensal de R$ 1.700,00 e, simultaneamente, cursar\u00e3o a gradua\u00e7\u00e3o de Tecn\u00f3logo em Agroecologia ofertada pela UERN.<\/p>\n\n\n\n<p>\u201c\u00c9 a UERN transformando vidas por meio da Educa\u00e7\u00e3o. O lan\u00e7amento de mais este edital levando forma\u00e7\u00e3o de qualidade \u00e0 juventude do campo significa mais oportunidade aliada ao desenvolvimento sustent\u00e1vel\u201d, afirmou a reitora da UERN, Cic\u00edlia Maia.<\/p>\n\n\n\n<p>A forma\u00e7\u00e3o seguir\u00e1 a metodologia da Pedagogia da Altern\u00e2ncia, na qual o aluno intercala per\u00edodos de imers\u00e3o te\u00f3rica (Tempo-Escola), preferencialmente no Centro de Treinamento da Emater em S\u00e3o Jos\u00e9 de Mipibu, com a aplica\u00e7\u00e3o pr\u00e1tica dos conhecimentos nas comunidades rurais (Tempo-Comunidade) onde residem ou atuam.<\/p>\n\n\n\n<p>Para dar suporte a essa estrutura educacional e extensionista, o segundo edital oferece 22 vagas para profissionais de n\u00edvel superior, divididas entre 20 tutores e dois supervisores. Estas vagas s\u00e3o voltadas para graduados em Servi\u00e7o Social, Pedagogia, Tecnologia em Agroecologia, Tecnologia em Cooperativismo, Engenharia Agron\u00f4mica e Zootecnia. Os tutores, que receber\u00e3o bolsas de R$ 2.300,00, ser\u00e3o respons\u00e1veis por orientar academicamente os educandos no (Tempo-Comunidade), enquanto os supervisores, com remunera\u00e7\u00e3o de R$ 2.500,00, acompanhar\u00e3o a execu\u00e7\u00e3o do projeto e a articula\u00e7\u00e3o entre as institui\u00e7\u00f5es parceiras.<\/p>\n\n\n\n<p>O Programa Gente do Campo conta com aporte financeiro superior a R$ 12 milh\u00f5es, oriundos do or\u00e7amento do Governo do Estado, garantindo a execu\u00e7\u00e3o das atividades por at\u00e9 quatro anos e meio. A iniciativa busca integrar o conhecimento acad\u00eamico formal \u00e0 viv\u00eancia pr\u00e1tica da agricultura familiar, distribuindo os bolsistas em diversas regionais do estado, como Assu, Caic\u00f3, Currais Novos, Jo\u00e3o C\u00e2mara, Mossor\u00f3, Pau dos Ferros, Santa Cruz, S\u00e3o Jos\u00e9 de Mipibu, S\u00e3o Paulo do Potengi e Umarizal.<\/p>\n\n\n\n<p>O processo de sele\u00e7\u00e3o para ambas as categorias ocorrer\u00e1 em duas etapas: uma an\u00e1lise curricular e documental, de car\u00e1ter eliminat\u00f3rio e classificat\u00f3rio, seguida de uma entrevista online. Os candidatos devem atentar para a exig\u00eancia de apresenta\u00e7\u00e3o de Carteira Nacional de Habilita\u00e7\u00e3o (CNH), categoria B, no prazo de at\u00e9 90 dias ap\u00f3s a assinatura do termo de concess\u00e3o da bolsa. O resultado final do certame est\u00e1 previsto para ser divulgado em mar\u00e7o de 2026, com a assinatura dos termos de compromisso ocorrendo logo em seguida.<\/p>\n\n\n\n<p><a href=\"https:\/\/www.emater.rn.gov.br\/wp-json\/nextcloud\/v1\/download?filePath=%2Fremote.php%2Fdav%2Ffiles%2Fgovernodorn%2FEMATER-GOVRN%2FEditais%2FGente%2520do%2520Campo%2FGente%2520do%2520Campo%25202026%2FGente%2520do%2520Campo%25202026.pdf\">Clique aqui<\/a>&nbsp;e confira o edital completo.<\/p>\n\n\n\n<p><em><sub>Fonte: SEDRAF RN<\/sub><\/em><\/p>\n\n\n\n<p><\/p>\n","protected":false},"excerpt":{"rendered":"<p>O Governo do Estado do Rio Grande do Norte, por interm\u00e9dio da Secretaria de Estado do Desenvolvimento Rural e da Agricultura Familiar (Sedraf) e do Instituto de Assist\u00eancia T\u00e9cnica e Extens\u00e3o Rural (Emater-RN), em parceria com a Universidade do Estado do Rio Grande do Norte (UERN) e a Funda\u00e7\u00e3o para o Desenvolvimento da Ci\u00eancia, Tecnologia&#8230;<\/p>\n","protected":false},"author":1,"featured_media":8415,"comment_status":"open","ping_status":"closed","sticky":false,"template":"","format":"standard","meta":{"footnotes":""},"categories":[3],"tags":[],"class_list":["post-8414","post","type-post","status-publish","format-standard","has-post-thumbnail","hentry","category-geral"],"_links":{"self":[{"href":"https:\/\/cafecommessias.com.br\/index.php?rest_route=\/wp\/v2\/posts\/8414","targetHints":{"allow":["GET"]}}],"collection":[{"href":"https:\/\/cafecommessias.com.br\/index.php?rest_route=\/wp\/v2\/posts"}],"about":[{"href":"https:\/\/cafecommessias.com.br\/index.php?rest_route=\/wp\/v2\/types\/post"}],"author":[{"embeddable":true,"href":"https:\/\/cafecommessias.com.br\/index.php?rest_route=\/wp\/v2\/users\/1"}],"replies":[{"embeddable":true,"href":"https:\/\/cafecommessias.com.br\/index.php?rest_route=%2Fwp%2Fv2%2Fcomments&post=8414"}],"version-history":[{"count":1,"href":"https:\/\/cafecommessias.com.br\/index.php?rest_route=\/wp\/v2\/posts\/8414\/revisions"}],"predecessor-version":[{"id":8416,"href":"https:\/\/cafecommessias.com.br\/index.php?rest_route=\/wp\/v2\/posts\/8414\/revisions\/8416"}],"wp:featuredmedia":[{"embeddable":true,"href":"https:\/\/cafecommessias.com.br\/index.php?rest_route=\/wp\/v2\/media\/8415"}],"wp:attachment":[{"href":"https:\/\/cafecommessias.com.br\/index.php?rest_route=%2Fwp%2Fv2%2Fmedia&parent=8414"}],"wp:term":[{"taxonomy":"category","embeddable":true,"href":"https:\/\/cafecommessias.com.br\/index.php?rest_route=%2Fwp%2Fv2%2Fcategories&post=8414"},{"taxonomy":"post_tag","embeddable":true,"href":"https:\/\/cafecommessias.com.br\/index.php?rest_route=%2Fwp%2Fv2%2Ftags&post=8414"}],"curies":[{"name":"wp","href":"https:\/\/api.w.org\/{rel}","templated":true}]}}