{"id":844,"date":"2025-07-18T00:27:13","date_gmt":"2025-07-18T03:27:13","guid":{"rendered":"https:\/\/cafecommessias.com.br\/?p=844"},"modified":"2025-07-18T00:27:57","modified_gmt":"2025-07-18T03:27:57","slug":"governo-busca-uma-saida-para-nao-cobrar-iof-retroativo-de-quando-decreto-estava-suspenso","status":"publish","type":"post","link":"https:\/\/cafecommessias.com.br\/?p=844","title":{"rendered":"Governo busca uma sa\u00edda para n\u00e3o cobrar IOF retroativo, de quando decreto estava suspenso"},"content":{"rendered":"\n<p>Ministro Alexandre de Moraes, do STF, retomou, em parte, decreto do presidente Luiz In\u00e1cio Lula da Silva que elevou a cobran\u00e7a do IOF.<\/p>\n\n\n\n<p>O governo federal estuda uma solu\u00e7\u00e3o jur\u00eddica para n\u00e3o cobrar retroativamente o IOF (Imposto sobre Opera\u00e7\u00f5es Financeiras) mais alto de quem fez opera\u00e7\u00f5es durante o per\u00edodo em que o decreto estava suspenso, segundo fontes do\u00a0Minist\u00e9rio da Fazenda.<\/p>\n\n\n\n<p>Na quarta-feira (16), o ministro Alexandre de Moraes, do Supremo Tribunal Federal (STF), decidiu\u00a0manter quase a totalidade do decreto do presidente Luiz In\u00e1cio Lula da Silva que aumentou o IOF.<\/p>\n\n\n\n<p>Segundo integrantes do Minist\u00e9rio da Fazenda,\u00a0a ideia \u00e9 n\u00e3o cobrar de pessoas f\u00edsicas e empresas que fizeram opera\u00e7\u00f5es sujeitas a IOF nesse per\u00edodo. Isso, na avalia\u00e7\u00e3o desses t\u00e9cnicos, geraria inseguran\u00e7a jur\u00eddica.<\/p>\n\n\n\n<p>Para isso, o governo precisa editar uma norma para deixar claro que n\u00e3o haver\u00e1 cobran\u00e7a retroativa do IOF mais alto durante o per\u00edodo em que o decreto n\u00e3o teve validade.<\/p>\n\n\n\n<p><sub>por g1 Bras\u00edlia <\/sub><\/p>\n\n\n\n<p><\/p>\n","protected":false},"excerpt":{"rendered":"<p>Ministro Alexandre de Moraes, do STF, retomou, em parte, decreto do presidente Luiz In\u00e1cio Lula da Silva que elevou a cobran\u00e7a do IOF. O governo federal estuda uma solu\u00e7\u00e3o jur\u00eddica para n\u00e3o cobrar retroativamente o IOF (Imposto sobre Opera\u00e7\u00f5es Financeiras) mais alto de quem fez opera\u00e7\u00f5es durante o per\u00edodo em que o decreto estava suspenso,&#8230;<\/p>\n","protected":false},"author":1,"featured_media":845,"comment_status":"open","ping_status":"open","sticky":false,"template":"","format":"standard","meta":{"footnotes":""},"categories":[3],"tags":[],"class_list":["post-844","post","type-post","status-publish","format-standard","has-post-thumbnail","hentry","category-geral"],"_links":{"self":[{"href":"https:\/\/cafecommessias.com.br\/index.php?rest_route=\/wp\/v2\/posts\/844","targetHints":{"allow":["GET"]}}],"collection":[{"href":"https:\/\/cafecommessias.com.br\/index.php?rest_route=\/wp\/v2\/posts"}],"about":[{"href":"https:\/\/cafecommessias.com.br\/index.php?rest_route=\/wp\/v2\/types\/post"}],"author":[{"embeddable":true,"href":"https:\/\/cafecommessias.com.br\/index.php?rest_route=\/wp\/v2\/users\/1"}],"replies":[{"embeddable":true,"href":"https:\/\/cafecommessias.com.br\/index.php?rest_route=%2Fwp%2Fv2%2Fcomments&post=844"}],"version-history":[{"count":1,"href":"https:\/\/cafecommessias.com.br\/index.php?rest_route=\/wp\/v2\/posts\/844\/revisions"}],"predecessor-version":[{"id":846,"href":"https:\/\/cafecommessias.com.br\/index.php?rest_route=\/wp\/v2\/posts\/844\/revisions\/846"}],"wp:featuredmedia":[{"embeddable":true,"href":"https:\/\/cafecommessias.com.br\/index.php?rest_route=\/wp\/v2\/media\/845"}],"wp:attachment":[{"href":"https:\/\/cafecommessias.com.br\/index.php?rest_route=%2Fwp%2Fv2%2Fmedia&parent=844"}],"wp:term":[{"taxonomy":"category","embeddable":true,"href":"https:\/\/cafecommessias.com.br\/index.php?rest_route=%2Fwp%2Fv2%2Fcategories&post=844"},{"taxonomy":"post_tag","embeddable":true,"href":"https:\/\/cafecommessias.com.br\/index.php?rest_route=%2Fwp%2Fv2%2Ftags&post=844"}],"curies":[{"name":"wp","href":"https:\/\/api.w.org\/{rel}","templated":true}]}}