{"id":8444,"date":"2026-01-18T10:10:37","date_gmt":"2026-01-18T13:10:37","guid":{"rendered":"https:\/\/cafecommessias.com.br\/?p=8444"},"modified":"2026-01-18T10:11:21","modified_gmt":"2026-01-18T13:11:21","slug":"lider-supremo-do-ira-admite-que-milhares-foram-mortos-durante-manifestacoes-e-culpa-trump","status":"publish","type":"post","link":"https:\/\/cafecommessias.com.br\/?p=8444","title":{"rendered":"L\u00edder supremo do Ir\u00e3 admite que milhares foram mortos durante manifesta\u00e7\u00f5es e culpa Trump"},"content":{"rendered":"\n<p>O l\u00edder supremo do Ir\u00e3, aiatol\u00e1 Ali Khamenei, reconheceu neste s\u00e1bado (17) que milhares de pessoas morreram durante os protestos no pa\u00eds e responsabilizou o presidente dos EUA, Donald Trump, por \u201cincentivar\u201d as manifesta\u00e7\u00f5es com promessas de apoio militar.<\/p>\n\n\n\n<p>Em discurso \u00e0 na\u00e7\u00e3o, Khamenei chamou Trump de \u201ccriminoso\u201d e disse que os protestos, iniciados no fim de dezembro por causa da crise econ\u00f4mica, foram manipulados por EUA e Israel. Segundo ele, parte dos manifestantes seria formada por jovens \u201cenganados\u201d.<\/p>\n\n\n\n<p>Grupos de direitos humanos afirmam que mais de 3 mil pessoas foram mortas. Testemunhas relataram tiros contra manifestantes desarmados, uso de drones e repress\u00e3o violenta pelas for\u00e7as de seguran\u00e7a. O governo iraniano nega os n\u00fameros e diz que houve apenas \u201ccentenas\u201d de mortes.<\/p>\n\n\n\n<p>Trump reagiu, classificando Khamenei como um \u201chomem doente\u201d e pedindo uma nova lideran\u00e7a no Ir\u00e3. Ele acusou o regime de usar viol\u00eancia extrema para manter o controle do pa\u00eds.<\/p>\n\n\n\n<p>Khamenei reconheceu a grave crise econ\u00f4mica, pediu uni\u00e3o da popula\u00e7\u00e3o e afirmou que os protestos foram \u201cextintos\u201d ap\u00f3s manifesta\u00e7\u00f5es pr\u00f3-governo.<\/p>\n","protected":false},"excerpt":{"rendered":"<p>O l\u00edder supremo do Ir\u00e3, aiatol\u00e1 Ali Khamenei, reconheceu neste s\u00e1bado (17) que milhares de pessoas morreram durante os protestos no pa\u00eds e responsabilizou o presidente dos EUA, Donald Trump, por \u201cincentivar\u201d as manifesta\u00e7\u00f5es com promessas de apoio militar. Em discurso \u00e0 na\u00e7\u00e3o, Khamenei chamou Trump de \u201ccriminoso\u201d e disse que os protestos, iniciados no&#8230;<\/p>\n","protected":false},"author":1,"featured_media":8445,"comment_status":"open","ping_status":"closed","sticky":false,"template":"","format":"standard","meta":{"footnotes":""},"categories":[2],"tags":[],"class_list":["post-8444","post","type-post","status-publish","format-standard","has-post-thumbnail","hentry","category-internacional"],"_links":{"self":[{"href":"https:\/\/cafecommessias.com.br\/index.php?rest_route=\/wp\/v2\/posts\/8444","targetHints":{"allow":["GET"]}}],"collection":[{"href":"https:\/\/cafecommessias.com.br\/index.php?rest_route=\/wp\/v2\/posts"}],"about":[{"href":"https:\/\/cafecommessias.com.br\/index.php?rest_route=\/wp\/v2\/types\/post"}],"author":[{"embeddable":true,"href":"https:\/\/cafecommessias.com.br\/index.php?rest_route=\/wp\/v2\/users\/1"}],"replies":[{"embeddable":true,"href":"https:\/\/cafecommessias.com.br\/index.php?rest_route=%2Fwp%2Fv2%2Fcomments&post=8444"}],"version-history":[{"count":1,"href":"https:\/\/cafecommessias.com.br\/index.php?rest_route=\/wp\/v2\/posts\/8444\/revisions"}],"predecessor-version":[{"id":8446,"href":"https:\/\/cafecommessias.com.br\/index.php?rest_route=\/wp\/v2\/posts\/8444\/revisions\/8446"}],"wp:featuredmedia":[{"embeddable":true,"href":"https:\/\/cafecommessias.com.br\/index.php?rest_route=\/wp\/v2\/media\/8445"}],"wp:attachment":[{"href":"https:\/\/cafecommessias.com.br\/index.php?rest_route=%2Fwp%2Fv2%2Fmedia&parent=8444"}],"wp:term":[{"taxonomy":"category","embeddable":true,"href":"https:\/\/cafecommessias.com.br\/index.php?rest_route=%2Fwp%2Fv2%2Fcategories&post=8444"},{"taxonomy":"post_tag","embeddable":true,"href":"https:\/\/cafecommessias.com.br\/index.php?rest_route=%2Fwp%2Fv2%2Ftags&post=8444"}],"curies":[{"name":"wp","href":"https:\/\/api.w.org\/{rel}","templated":true}]}}