{"id":8477,"date":"2026-01-18T10:45:45","date_gmt":"2026-01-18T13:45:45","guid":{"rendered":"https:\/\/cafecommessias.com.br\/?p=8477"},"modified":"2026-01-18T10:45:57","modified_gmt":"2026-01-18T13:45:57","slug":"convite-de-trump-sobre-gaza-expoe-lula-a-impasse-diplomatico-com-eua-e-israel","status":"publish","type":"post","link":"https:\/\/cafecommessias.com.br\/?p=8477","title":{"rendered":"Convite de Trump sobre Gaza exp\u00f5e Lula a impasse diplom\u00e1tico com EUA e Israel"},"content":{"rendered":"\n<p>O convite feito pelo presidente dos Estados Unidos, Donald Trump, para que Luiz In\u00e1cio Lula da Silva integre um \u201cConselho de Paz\u201d voltado \u00e0 reconstru\u00e7\u00e3o da Faixa de Gaza colocou o presidente brasileiro diante de um delicado dilema diplom\u00e1tico. A eventual participa\u00e7\u00e3o pode gerar custos pol\u00edticos, especialmente diante da postura cr\u00edtica adotada por Lula em rela\u00e7\u00e3o \u00e0 ofensiva militar israelense no territ\u00f3rio palestino.<\/p>\n\n\n\n<p>O governo brasileiro deve analisar com cautela os impactos geopol\u00edticos da iniciativa antes de se manifestar oficialmente. Auxiliares de Lula avaliam pedir mais detalhes sobre o funcionamento do conselho, liderado pelos EUA, e os limites de atua\u00e7\u00e3o do grupo, sobretudo porque a pol\u00edtica externa brasileira tradicionalmente defende a media\u00e7\u00e3o de conflitos sob a coordena\u00e7\u00e3o da ONU.<\/p>\n\n\n\n<p>Desde o in\u00edcio da guerra entre Israel e o Hamas, em outubro de 2023, Lula tem feito cr\u00edticas duras \u00e0 condu\u00e7\u00e3o do conflito e defendido a cria\u00e7\u00e3o de um Estado palestino. Em pronunciamentos internacionais, chegou a classificar a situa\u00e7\u00e3o em Gaza como \u201cgenoc\u00eddio\u201d, o que aprofundou a crise diplom\u00e1tica com Israel e levou o governo israelense a declar\u00e1-lo persona non grata em fevereiro de 2024.<\/p>\n\n\n\n<p>O conselho anunciado por Trump inclui nomes como o secret\u00e1rio de Estado Marco Rubio, o enviado especial Steve Witkoff, Jared Kushner e o ex-primeiro-ministro brit\u00e2nico Tony Blair. Apesar do an\u00fancio, o governo de Benjamin Netanyahu afirmou que a iniciativa n\u00e3o foi previamente coordenada com Israel, abrindo mais uma frente de incerteza sobre a viabilidade pol\u00edtica do projeto.<\/p>\n\n\n\n<p><em><sub>Por CNN<\/sub><\/em><\/p>\n\n\n\n<p><\/p>\n","protected":false},"excerpt":{"rendered":"<p>O convite feito pelo presidente dos Estados Unidos, Donald Trump, para que Luiz In\u00e1cio Lula da Silva integre um \u201cConselho de Paz\u201d voltado \u00e0 reconstru\u00e7\u00e3o da Faixa de Gaza colocou o presidente brasileiro diante de um delicado dilema diplom\u00e1tico. A eventual participa\u00e7\u00e3o pode gerar custos pol\u00edticos, especialmente diante da postura cr\u00edtica adotada por Lula em&#8230;<\/p>\n","protected":false},"author":1,"featured_media":8478,"comment_status":"open","ping_status":"closed","sticky":false,"template":"","format":"standard","meta":{"footnotes":""},"categories":[2],"tags":[],"class_list":["post-8477","post","type-post","status-publish","format-standard","has-post-thumbnail","hentry","category-internacional"],"_links":{"self":[{"href":"https:\/\/cafecommessias.com.br\/index.php?rest_route=\/wp\/v2\/posts\/8477","targetHints":{"allow":["GET"]}}],"collection":[{"href":"https:\/\/cafecommessias.com.br\/index.php?rest_route=\/wp\/v2\/posts"}],"about":[{"href":"https:\/\/cafecommessias.com.br\/index.php?rest_route=\/wp\/v2\/types\/post"}],"author":[{"embeddable":true,"href":"https:\/\/cafecommessias.com.br\/index.php?rest_route=\/wp\/v2\/users\/1"}],"replies":[{"embeddable":true,"href":"https:\/\/cafecommessias.com.br\/index.php?rest_route=%2Fwp%2Fv2%2Fcomments&post=8477"}],"version-history":[{"count":1,"href":"https:\/\/cafecommessias.com.br\/index.php?rest_route=\/wp\/v2\/posts\/8477\/revisions"}],"predecessor-version":[{"id":8479,"href":"https:\/\/cafecommessias.com.br\/index.php?rest_route=\/wp\/v2\/posts\/8477\/revisions\/8479"}],"wp:featuredmedia":[{"embeddable":true,"href":"https:\/\/cafecommessias.com.br\/index.php?rest_route=\/wp\/v2\/media\/8478"}],"wp:attachment":[{"href":"https:\/\/cafecommessias.com.br\/index.php?rest_route=%2Fwp%2Fv2%2Fmedia&parent=8477"}],"wp:term":[{"taxonomy":"category","embeddable":true,"href":"https:\/\/cafecommessias.com.br\/index.php?rest_route=%2Fwp%2Fv2%2Fcategories&post=8477"},{"taxonomy":"post_tag","embeddable":true,"href":"https:\/\/cafecommessias.com.br\/index.php?rest_route=%2Fwp%2Fv2%2Ftags&post=8477"}],"curies":[{"name":"wp","href":"https:\/\/api.w.org\/{rel}","templated":true}]}}