{"id":8483,"date":"2026-01-18T10:48:59","date_gmt":"2026-01-18T13:48:59","guid":{"rendered":"https:\/\/cafecommessias.com.br\/?p=8483"},"modified":"2026-01-18T10:49:14","modified_gmt":"2026-01-18T13:49:14","slug":"juninho-saia-rodada-ganha-novos-apoios-a-pre-candidatura-em-importantes-regioes-e-colegios-eleitorais-do-rn","status":"publish","type":"post","link":"https:\/\/cafecommessias.com.br\/?p=8483","title":{"rendered":"Juninho Saia Rodada ganha novos apoios \u00e0 pr\u00e9-candidatura em importantes regi\u00f5es e col\u00e9gios eleitorais do RN"},"content":{"rendered":"\n<p>A pr\u00e9-candidatura de Juninho Saia Rodada a deputado federal segue em trajet\u00f3ria de expans\u00e3o e consolida\u00e7\u00e3o pol\u00edtica no Rio Grande do Norte, acumulando apoios estrat\u00e9gicos em diferentes regi\u00f5es do estado e ampliando sua presen\u00e7a em col\u00e9gios eleitorais considerados decisivos para o pleito.<\/p>\n\n\n\n<p>Na segunda-feira, 12, Juninho esteve no munic\u00edpio de Apodi, onde foi recebido por um grupo de suplentes de vereador da oposi\u00e7\u00e3o local. Durante o encontro, os l\u00edderes declararam apoio ao projeto pol\u00edtico do pr\u00e9-candidato, destacando a necessidade de renova\u00e7\u00e3o e de maior representatividade do munic\u00edpio na C\u00e2mara Federal. A ades\u00e3o fortalece a articula\u00e7\u00e3o pol\u00edtica de Juninho no Oeste potiguar, regi\u00e3o de grande relev\u00e2ncia eleitoral.<\/p>\n\n\n\n<p>J\u00e1 na quarta-feira, 14, a pr\u00e9-candidatura ganhou novo impulso no Serid\u00f3, tradicional reduto pol\u00edtico do estado. Em S\u00e3o Jo\u00e3o do Sabugi, o vereador Apr\u00edgio Neto oficializou apoio a Juninho Saia Rodada, ressaltando a sintonia do projeto com as demandas regionais e a import\u00e2ncia de eleger um parlamentar comprometido com o desenvolvimento econ\u00f4mico, a gera\u00e7\u00e3o de empregos e o fortalecimento dos munic\u00edpios do interior.<\/p>\n\n\n\n<p>O movimento de crescimento continuou no domingo, 18, com mais um refor\u00e7o significativo no Alto Oeste potiguar. O ex-vereador de Pau dos Ferros, Edgar Queiroz, anunciou publicamente seu apoio \u00e0 pr\u00e9-candidatura, destacando a capacidade de di\u00e1logo de Juninho e sua constru\u00e7\u00e3o pol\u00edtica baseada na proximidade com as bases e lideran\u00e7as locais.<\/p>\n\n\n\n<p>Com apoios que se espalham pelo Oeste, Serid\u00f3 e Alto Oeste, Juninho Saia Rodada amplia sua base pol\u00edtica e se consolida como um nome competitivo na disputa por uma vaga na C\u00e2mara dos Deputados. A agenda de visitas e articula\u00e7\u00f5es segue intensa, refor\u00e7ando o projeto de uma pr\u00e9-candidatura constru\u00edda de forma gradual, plural e conectada com as realidades regionais do Rio Grande do Norte.<\/p>\n","protected":false},"excerpt":{"rendered":"<p>A pr\u00e9-candidatura de Juninho Saia Rodada a deputado federal segue em trajet\u00f3ria de expans\u00e3o e consolida\u00e7\u00e3o pol\u00edtica no Rio Grande do Norte, acumulando apoios estrat\u00e9gicos em diferentes regi\u00f5es do estado e ampliando sua presen\u00e7a em col\u00e9gios eleitorais considerados decisivos para o pleito. Na segunda-feira, 12, Juninho esteve no munic\u00edpio de Apodi, onde foi recebido por&#8230;<\/p>\n","protected":false},"author":1,"featured_media":8484,"comment_status":"open","ping_status":"closed","sticky":false,"template":"","format":"standard","meta":{"footnotes":""},"categories":[6],"tags":[],"class_list":["post-8483","post","type-post","status-publish","format-standard","has-post-thumbnail","hentry","category-politica"],"_links":{"self":[{"href":"https:\/\/cafecommessias.com.br\/index.php?rest_route=\/wp\/v2\/posts\/8483","targetHints":{"allow":["GET"]}}],"collection":[{"href":"https:\/\/cafecommessias.com.br\/index.php?rest_route=\/wp\/v2\/posts"}],"about":[{"href":"https:\/\/cafecommessias.com.br\/index.php?rest_route=\/wp\/v2\/types\/post"}],"author":[{"embeddable":true,"href":"https:\/\/cafecommessias.com.br\/index.php?rest_route=\/wp\/v2\/users\/1"}],"replies":[{"embeddable":true,"href":"https:\/\/cafecommessias.com.br\/index.php?rest_route=%2Fwp%2Fv2%2Fcomments&post=8483"}],"version-history":[{"count":1,"href":"https:\/\/cafecommessias.com.br\/index.php?rest_route=\/wp\/v2\/posts\/8483\/revisions"}],"predecessor-version":[{"id":8485,"href":"https:\/\/cafecommessias.com.br\/index.php?rest_route=\/wp\/v2\/posts\/8483\/revisions\/8485"}],"wp:featuredmedia":[{"embeddable":true,"href":"https:\/\/cafecommessias.com.br\/index.php?rest_route=\/wp\/v2\/media\/8484"}],"wp:attachment":[{"href":"https:\/\/cafecommessias.com.br\/index.php?rest_route=%2Fwp%2Fv2%2Fmedia&parent=8483"}],"wp:term":[{"taxonomy":"category","embeddable":true,"href":"https:\/\/cafecommessias.com.br\/index.php?rest_route=%2Fwp%2Fv2%2Fcategories&post=8483"},{"taxonomy":"post_tag","embeddable":true,"href":"https:\/\/cafecommessias.com.br\/index.php?rest_route=%2Fwp%2Fv2%2Ftags&post=8483"}],"curies":[{"name":"wp","href":"https:\/\/api.w.org\/{rel}","templated":true}]}}