{"id":8504,"date":"2026-01-18T11:09:17","date_gmt":"2026-01-18T14:09:17","guid":{"rendered":"https:\/\/cafecommessias.com.br\/?p=8504"},"modified":"2026-01-18T11:09:34","modified_gmt":"2026-01-18T14:09:34","slug":"pedro-filho-reune-apoiadores-em-mossoro-e-fortalece-projeto-rumo-a-camara-federal","status":"publish","type":"post","link":"https:\/\/cafecommessias.com.br\/?p=8504","title":{"rendered":"Pedro Filho re\u00fane apoiadores em Mossor\u00f3 e fortalece projeto rumo \u00e0 C\u00e2mara Federal"},"content":{"rendered":"\n<p>O pr\u00e9-candidato a deputado federal e vereador de Ass\u00fa, Pedro Filho, reuniu apoiadores nesta sexta-feira (16), no munic\u00edpio de Mossor\u00f3, dando mais um passo importante no fortalecimento de sua pr\u00e9-candidatura.<\/p>\n\n\n\n<p>O encontro contou com a presen\u00e7a de ex-vereadores, suplentes, l\u00edderes comunit\u00e1rios e pastores, que v\u00eam somando for\u00e7as ao projeto pol\u00edtico de Pedro Filho na regi\u00e3o Oeste. As ades\u00f5es refor\u00e7am a amplia\u00e7\u00e3o das bases e a constru\u00e7\u00e3o de apoios estrat\u00e9gicos visando as elei\u00e7\u00f5es deste ano.<\/p>\n\n\n\n<p>Pedro Filho tem intensificado agendas pelo estado, fortalecendo alian\u00e7as e consolidando seu nome como uma alternativa para representar o Rio Grande do Norte na C\u00e2mara Federal, com di\u00e1logo, presen\u00e7a nos munic\u00edpios e compromisso com as pautas da popula\u00e7\u00e3o.<\/p>\n","protected":false},"excerpt":{"rendered":"<p>O pr\u00e9-candidato a deputado federal e vereador de Ass\u00fa, Pedro Filho, reuniu apoiadores nesta sexta-feira (16), no munic\u00edpio de Mossor\u00f3, dando mais um passo importante no fortalecimento de sua pr\u00e9-candidatura. O encontro contou com a presen\u00e7a de ex-vereadores, suplentes, l\u00edderes comunit\u00e1rios e pastores, que v\u00eam somando for\u00e7as ao projeto pol\u00edtico de Pedro Filho na regi\u00e3o&#8230;<\/p>\n","protected":false},"author":1,"featured_media":8505,"comment_status":"open","ping_status":"closed","sticky":false,"template":"","format":"standard","meta":{"footnotes":""},"categories":[6],"tags":[],"class_list":["post-8504","post","type-post","status-publish","format-standard","has-post-thumbnail","hentry","category-politica"],"_links":{"self":[{"href":"https:\/\/cafecommessias.com.br\/index.php?rest_route=\/wp\/v2\/posts\/8504","targetHints":{"allow":["GET"]}}],"collection":[{"href":"https:\/\/cafecommessias.com.br\/index.php?rest_route=\/wp\/v2\/posts"}],"about":[{"href":"https:\/\/cafecommessias.com.br\/index.php?rest_route=\/wp\/v2\/types\/post"}],"author":[{"embeddable":true,"href":"https:\/\/cafecommessias.com.br\/index.php?rest_route=\/wp\/v2\/users\/1"}],"replies":[{"embeddable":true,"href":"https:\/\/cafecommessias.com.br\/index.php?rest_route=%2Fwp%2Fv2%2Fcomments&post=8504"}],"version-history":[{"count":1,"href":"https:\/\/cafecommessias.com.br\/index.php?rest_route=\/wp\/v2\/posts\/8504\/revisions"}],"predecessor-version":[{"id":8506,"href":"https:\/\/cafecommessias.com.br\/index.php?rest_route=\/wp\/v2\/posts\/8504\/revisions\/8506"}],"wp:featuredmedia":[{"embeddable":true,"href":"https:\/\/cafecommessias.com.br\/index.php?rest_route=\/wp\/v2\/media\/8505"}],"wp:attachment":[{"href":"https:\/\/cafecommessias.com.br\/index.php?rest_route=%2Fwp%2Fv2%2Fmedia&parent=8504"}],"wp:term":[{"taxonomy":"category","embeddable":true,"href":"https:\/\/cafecommessias.com.br\/index.php?rest_route=%2Fwp%2Fv2%2Fcategories&post=8504"},{"taxonomy":"post_tag","embeddable":true,"href":"https:\/\/cafecommessias.com.br\/index.php?rest_route=%2Fwp%2Fv2%2Ftags&post=8504"}],"curies":[{"name":"wp","href":"https:\/\/api.w.org\/{rel}","templated":true}]}}