{"id":8522,"date":"2026-01-19T05:51:49","date_gmt":"2026-01-19T08:51:49","guid":{"rendered":"https:\/\/cafecommessias.com.br\/?p=8522"},"modified":"2026-01-19T05:52:04","modified_gmt":"2026-01-19T08:52:04","slug":"morre-raul-jungmann-ex-ministro-da-seguranca-publica-e-da-defesa-aos-73-anos","status":"publish","type":"post","link":"https:\/\/cafecommessias.com.br\/?p=8522","title":{"rendered":"Morre Raul Jungmann, ex-ministro da Seguran\u00e7a P\u00fablica e da Defesa, aos 73 anos"},"content":{"rendered":"\n<p>O ex-ministro Raul Jungmann morreu neste domingo (18), em Bras\u00edlia, aos 73 anos. A morte foi confirmada pelo Instituto Brasileiro de Minera\u00e7\u00e3o (IBRAM), entidade da qual era diretor-presidente desde 2022. Jungmann enfrentava um c\u00e2ncer no p\u00e2ncreas e passou por sucessivas interna\u00e7\u00f5es desde novembro do ano passado.<\/p>\n\n\n\n<p>Com trajet\u00f3ria marcante na pol\u00edtica nacional, Jungmann ocupou quatro minist\u00e9rios ao longo da carreira e teve tr\u00eas mandatos como deputado federal por Pernambuco. Durante o governo Fernando Henrique Cardoso, comandou os minist\u00e9rios do Desenvolvimento Agr\u00e1rio e de Pol\u00edticas Fundi\u00e1rias. J\u00e1 na gest\u00e3o Michel Temer, esteve \u00e0 frente da Defesa e, em 2018, tornou-se o primeiro ministro da Seguran\u00e7a P\u00fablica do Brasil.<\/p>\n\n\n\n<p>No Congresso, ganhou destaque como vice-presidente da CPI dos Sanguessugas, que investigou desvios na compra de ambul\u00e2ncias, e como um dos l\u00edderes da Frente Brasil Sem Armas, durante o referendo de 2005. Tamb\u00e9m presidiu o Ibama e atuou na coordena\u00e7\u00e3o de opera\u00e7\u00f5es de Garantia da Lei e da Ordem (GLO) em estados atingidos por crises na seguran\u00e7a.<\/p>\n\n\n\n<p>Investigado no passado por suspeitas de irregularidades em contratos de publicidade no Minist\u00e9rio do Desenvolvimento Agr\u00e1rio, teve o inqu\u00e9rito arquivado pela Justi\u00e7a Federal. Jungmann deixa dois filhos e uma neta. O vel\u00f3rio e a crema\u00e7\u00e3o ser\u00e3o realizados em cerim\u00f4nia restrita a familiares e amigos, em Bras\u00edlia.<\/p>\n\n\n\n<p><em><sub>Por G1<\/sub><\/em><\/p>\n\n\n\n<p><\/p>\n","protected":false},"excerpt":{"rendered":"<p>O ex-ministro Raul Jungmann morreu neste domingo (18), em Bras\u00edlia, aos 73 anos. A morte foi confirmada pelo Instituto Brasileiro de Minera\u00e7\u00e3o (IBRAM), entidade da qual era diretor-presidente desde 2022. Jungmann enfrentava um c\u00e2ncer no p\u00e2ncreas e passou por sucessivas interna\u00e7\u00f5es desde novembro do ano passado. Com trajet\u00f3ria marcante na pol\u00edtica nacional, Jungmann ocupou quatro&#8230;<\/p>\n","protected":false},"author":1,"featured_media":8523,"comment_status":"open","ping_status":"closed","sticky":false,"template":"","format":"standard","meta":{"footnotes":""},"categories":[25],"tags":[],"class_list":["post-8522","post","type-post","status-publish","format-standard","has-post-thumbnail","hentry","category-luto"],"_links":{"self":[{"href":"https:\/\/cafecommessias.com.br\/index.php?rest_route=\/wp\/v2\/posts\/8522","targetHints":{"allow":["GET"]}}],"collection":[{"href":"https:\/\/cafecommessias.com.br\/index.php?rest_route=\/wp\/v2\/posts"}],"about":[{"href":"https:\/\/cafecommessias.com.br\/index.php?rest_route=\/wp\/v2\/types\/post"}],"author":[{"embeddable":true,"href":"https:\/\/cafecommessias.com.br\/index.php?rest_route=\/wp\/v2\/users\/1"}],"replies":[{"embeddable":true,"href":"https:\/\/cafecommessias.com.br\/index.php?rest_route=%2Fwp%2Fv2%2Fcomments&post=8522"}],"version-history":[{"count":1,"href":"https:\/\/cafecommessias.com.br\/index.php?rest_route=\/wp\/v2\/posts\/8522\/revisions"}],"predecessor-version":[{"id":8524,"href":"https:\/\/cafecommessias.com.br\/index.php?rest_route=\/wp\/v2\/posts\/8522\/revisions\/8524"}],"wp:featuredmedia":[{"embeddable":true,"href":"https:\/\/cafecommessias.com.br\/index.php?rest_route=\/wp\/v2\/media\/8523"}],"wp:attachment":[{"href":"https:\/\/cafecommessias.com.br\/index.php?rest_route=%2Fwp%2Fv2%2Fmedia&parent=8522"}],"wp:term":[{"taxonomy":"category","embeddable":true,"href":"https:\/\/cafecommessias.com.br\/index.php?rest_route=%2Fwp%2Fv2%2Fcategories&post=8522"},{"taxonomy":"post_tag","embeddable":true,"href":"https:\/\/cafecommessias.com.br\/index.php?rest_route=%2Fwp%2Fv2%2Ftags&post=8522"}],"curies":[{"name":"wp","href":"https:\/\/api.w.org\/{rel}","templated":true}]}}