{"id":8548,"date":"2026-01-20T08:47:47","date_gmt":"2026-01-20T11:47:47","guid":{"rendered":"https:\/\/cafecommessias.com.br\/?p=8548"},"modified":"2026-01-20T08:48:00","modified_gmt":"2026-01-20T11:48:00","slug":"pt-acusa-walter-alves-de-romper-com-governo-fatima-e-anuncia-candidatura-propria-ao-executivo-do-rn","status":"publish","type":"post","link":"https:\/\/cafecommessias.com.br\/?p=8548","title":{"rendered":"PT acusa Walter Alves de romper com governo F\u00e1tima e anuncia candidatura pr\u00f3pria ao Executivo do RN"},"content":{"rendered":"\n<p>O Partido dos Trabalhadores do Rio Grande do Norte (PT-RN) acusou o vice-governador Walter Alves de romper politicamente com o governo F\u00e1tima Bezerra e anunciou que lan\u00e7ar\u00e1 candidatura pr\u00f3pria ao Governo do Estado.<\/p>\n\n\n\n<p>A posi\u00e7\u00e3o foi divulgada em nota p\u00fablica nesta segunda-feira (19), assinada pela presidenta estadual do partido, Samanda Alves.<\/p>\n\n\n\n<p>Segundo o PT, Walter Alves comunicou oficialmente a decis\u00e3o de deixar o projeto pol\u00edtico liderado pela governadora ap\u00f3s cerca de tr\u00eas anos de atua\u00e7\u00e3o conjunta na gest\u00e3o estadual.<\/p>\n\n\n\n<p>De acordo com a legenda, o vice-governador optou por se alinhar a um grupo de oposi\u00e7\u00e3o, movimento que o partido classifica como abandono de um projeto respons\u00e1vel, segundo a nota, pela reorganiza\u00e7\u00e3o administrativa do Estado e pela implementa\u00e7\u00e3o de pol\u00edticas p\u00fablicas voltadas \u00e0 popula\u00e7\u00e3o potiguar.<\/p>\n\n\n\n<p>No texto, o PT refor\u00e7a que, h\u00e1 mais de um ano, trabalha com a perspectiva da candidatura de F\u00e1tima Bezerra ao Senado Federal. A legenda aponta como fundamentos dessa decis\u00e3o a defesa dos interesses do Rio Grande do Norte, a preserva\u00e7\u00e3o da estabilidade democr\u00e1tica e o fortalecimento do projeto nacional liderado pelo presidente Luiz In\u00e1cio Lula da Silva.<\/p>\n\n\n\n<p>O partido tamb\u00e9m destaca o respaldo eleitoral da governadora, lembrando que F\u00e1tima foi eleita em 2018 e reeleita em 2022 com mais de 1 milh\u00e3o de votos. Para o PT, o resultado das urnas representa um compromisso pol\u00edtico assumido com o eleitorado do Estado.<\/p>\n\n\n\n<p><\/p>\n","protected":false},"excerpt":{"rendered":"<p>O Partido dos Trabalhadores do Rio Grande do Norte (PT-RN) acusou o vice-governador Walter Alves de romper politicamente com o governo F\u00e1tima Bezerra e anunciou que lan\u00e7ar\u00e1 candidatura pr\u00f3pria ao Governo do Estado. A posi\u00e7\u00e3o foi divulgada em nota p\u00fablica nesta segunda-feira (19), assinada pela presidenta estadual do partido, Samanda Alves. Segundo o PT, Walter&#8230;<\/p>\n","protected":false},"author":1,"featured_media":8549,"comment_status":"open","ping_status":"closed","sticky":false,"template":"","format":"standard","meta":{"footnotes":""},"categories":[6],"tags":[],"class_list":["post-8548","post","type-post","status-publish","format-standard","has-post-thumbnail","hentry","category-politica"],"_links":{"self":[{"href":"https:\/\/cafecommessias.com.br\/index.php?rest_route=\/wp\/v2\/posts\/8548","targetHints":{"allow":["GET"]}}],"collection":[{"href":"https:\/\/cafecommessias.com.br\/index.php?rest_route=\/wp\/v2\/posts"}],"about":[{"href":"https:\/\/cafecommessias.com.br\/index.php?rest_route=\/wp\/v2\/types\/post"}],"author":[{"embeddable":true,"href":"https:\/\/cafecommessias.com.br\/index.php?rest_route=\/wp\/v2\/users\/1"}],"replies":[{"embeddable":true,"href":"https:\/\/cafecommessias.com.br\/index.php?rest_route=%2Fwp%2Fv2%2Fcomments&post=8548"}],"version-history":[{"count":1,"href":"https:\/\/cafecommessias.com.br\/index.php?rest_route=\/wp\/v2\/posts\/8548\/revisions"}],"predecessor-version":[{"id":8550,"href":"https:\/\/cafecommessias.com.br\/index.php?rest_route=\/wp\/v2\/posts\/8548\/revisions\/8550"}],"wp:featuredmedia":[{"embeddable":true,"href":"https:\/\/cafecommessias.com.br\/index.php?rest_route=\/wp\/v2\/media\/8549"}],"wp:attachment":[{"href":"https:\/\/cafecommessias.com.br\/index.php?rest_route=%2Fwp%2Fv2%2Fmedia&parent=8548"}],"wp:term":[{"taxonomy":"category","embeddable":true,"href":"https:\/\/cafecommessias.com.br\/index.php?rest_route=%2Fwp%2Fv2%2Fcategories&post=8548"},{"taxonomy":"post_tag","embeddable":true,"href":"https:\/\/cafecommessias.com.br\/index.php?rest_route=%2Fwp%2Fv2%2Ftags&post=8548"}],"curies":[{"name":"wp","href":"https:\/\/api.w.org\/{rel}","templated":true}]}}