{"id":8551,"date":"2026-01-20T09:06:15","date_gmt":"2026-01-20T12:06:15","guid":{"rendered":"https:\/\/cafecommessias.com.br\/?p=8551"},"modified":"2026-01-20T09:06:27","modified_gmt":"2026-01-20T12:06:27","slug":"lula-escala-camilo-santana-para-comandar-palanques-do-pt-no-nordeste","status":"publish","type":"post","link":"https:\/\/cafecommessias.com.br\/?p=8551","title":{"rendered":"Lula escala Camilo Santana para comandar palanques do PT no Nordeste"},"content":{"rendered":"\n<p>O presidente Luiz In\u00e1cio Lula da Silva (PT) quer que o ministro da Educa\u00e7\u00e3o, Camilo Santana, assuma a coordena\u00e7\u00e3o dos palanques do governo no Nordeste, regi\u00e3o considerada estrat\u00e9gica para o projeto eleitoral do petista. A decis\u00e3o leva em conta o peso decisivo do aumento da vota\u00e7\u00e3o de Lula no Cear\u00e1 e na Bahia no segundo turno de 2022, fator fundamental para a vit\u00f3ria sobre Jair Bolsonaro.<\/p>\n\n\n\n<p>O cen\u00e1rio, por\u00e9m, preocupa o Pal\u00e1cio do Planalto. Na Bahia, o governador Jer\u00f4nimo Rodrigues (PT) aparece atr\u00e1s do ex-prefeito de Salvador ACM Neto (Uni\u00e3o Brasil). J\u00e1 no Cear\u00e1, Elmano de Freitas (PT) surge tecnicamente empatado com o ex-governador Ciro Gomes (PSDB), indicando risco real de perda de espa\u00e7o pol\u00edtico nos dois estados.<\/p>\n\n\n\n<p>A miss\u00e3o de Camilo vai al\u00e9m das articula\u00e7\u00f5es partid\u00e1rias. A ideia \u00e9 que ele tamb\u00e9m ajude a refor\u00e7ar, junto \u00e0 popula\u00e7\u00e3o, programas federais considerados vitrine do governo, como o \u201cP\u00e9-de-Meia\u201d e o \u201cG\u00e1s do Povo\u201d, numa tentativa de recuperar popularidade e reverter a tend\u00eancia apontada pelas pesquisas.<\/p>\n\n\n\n<p>Al\u00e9m de Bahia e Cear\u00e1, o PT tamb\u00e9m enfrenta dificuldades no Rio Grande do Norte, onde o secret\u00e1rio Cadu Xavier ainda n\u00e3o conseguiu decolar nas inten\u00e7\u00f5es de voto. Camilo anunciou nesta segunda-feira (19) que deixar\u00e1 o Minist\u00e9rio da Educa\u00e7\u00e3o para se dedicar \u00e0s disputas eleitorais. No Planalto, embora exista a possibilidade de ele disputar novamente o governo do Cear\u00e1, Lula ainda aposta numa recupera\u00e7\u00e3o de Elmano e, por ora, descarta essa alternativa.<\/p>\n\n\n\n<p><em><sub>Por CNN<\/sub><\/em><\/p>\n\n\n\n<p><\/p>\n","protected":false},"excerpt":{"rendered":"<p>O presidente Luiz In\u00e1cio Lula da Silva (PT) quer que o ministro da Educa\u00e7\u00e3o, Camilo Santana, assuma a coordena\u00e7\u00e3o dos palanques do governo no Nordeste, regi\u00e3o considerada estrat\u00e9gica para o projeto eleitoral do petista. A decis\u00e3o leva em conta o peso decisivo do aumento da vota\u00e7\u00e3o de Lula no Cear\u00e1 e na Bahia no segundo&#8230;<\/p>\n","protected":false},"author":1,"featured_media":8552,"comment_status":"open","ping_status":"closed","sticky":false,"template":"","format":"standard","meta":{"footnotes":""},"categories":[6],"tags":[],"class_list":["post-8551","post","type-post","status-publish","format-standard","has-post-thumbnail","hentry","category-politica"],"_links":{"self":[{"href":"https:\/\/cafecommessias.com.br\/index.php?rest_route=\/wp\/v2\/posts\/8551","targetHints":{"allow":["GET"]}}],"collection":[{"href":"https:\/\/cafecommessias.com.br\/index.php?rest_route=\/wp\/v2\/posts"}],"about":[{"href":"https:\/\/cafecommessias.com.br\/index.php?rest_route=\/wp\/v2\/types\/post"}],"author":[{"embeddable":true,"href":"https:\/\/cafecommessias.com.br\/index.php?rest_route=\/wp\/v2\/users\/1"}],"replies":[{"embeddable":true,"href":"https:\/\/cafecommessias.com.br\/index.php?rest_route=%2Fwp%2Fv2%2Fcomments&post=8551"}],"version-history":[{"count":1,"href":"https:\/\/cafecommessias.com.br\/index.php?rest_route=\/wp\/v2\/posts\/8551\/revisions"}],"predecessor-version":[{"id":8553,"href":"https:\/\/cafecommessias.com.br\/index.php?rest_route=\/wp\/v2\/posts\/8551\/revisions\/8553"}],"wp:featuredmedia":[{"embeddable":true,"href":"https:\/\/cafecommessias.com.br\/index.php?rest_route=\/wp\/v2\/media\/8552"}],"wp:attachment":[{"href":"https:\/\/cafecommessias.com.br\/index.php?rest_route=%2Fwp%2Fv2%2Fmedia&parent=8551"}],"wp:term":[{"taxonomy":"category","embeddable":true,"href":"https:\/\/cafecommessias.com.br\/index.php?rest_route=%2Fwp%2Fv2%2Fcategories&post=8551"},{"taxonomy":"post_tag","embeddable":true,"href":"https:\/\/cafecommessias.com.br\/index.php?rest_route=%2Fwp%2Fv2%2Ftags&post=8551"}],"curies":[{"name":"wp","href":"https:\/\/api.w.org\/{rel}","templated":true}]}}