{"id":8586,"date":"2026-01-21T07:59:44","date_gmt":"2026-01-21T10:59:44","guid":{"rendered":"https:\/\/cafecommessias.com.br\/?p=8586"},"modified":"2026-01-21T07:59:56","modified_gmt":"2026-01-21T10:59:56","slug":"walter-alves-coloca-cargos-do-mdb-a-disposicao-de-fatima-bezerra-para-serem-exonerados","status":"publish","type":"post","link":"https:\/\/cafecommessias.com.br\/?p=8586","title":{"rendered":"Walter Alves coloca cargos do MDB \u00e0 disposi\u00e7\u00e3o de F\u00e1tima Bezerra para serem exonerados"},"content":{"rendered":"\n<p>O vice-governador do Rio Grande do Norte, Walter Alves (MDB), colocou \u00e0 disposi\u00e7\u00e3o da governadora F\u00e1tima Bezerra (PT) todos os cargos comissionados indicados pelo MDB na administra\u00e7\u00e3o estadual. A informa\u00e7\u00e3o foi divulgada pelo pr\u00f3prio Walter Alves nas redes sociais nesta ter\u00e7a-feira (20).<\/p>\n\n\n\n<p>A decis\u00e3o ocorre um dia ap\u00f3s o an\u00fancio de que o vice-governador n\u00e3o assumir\u00e1 o comando do Governo do Estado quando F\u00e1tima Bezerra renunciar ao cargo para disputar uma vaga no Senado Federal nas elei\u00e7\u00f5es de 2026.<\/p>\n\n\n\n<p>Na segunda-feira (19), Walter Alves j\u00e1 havia comunicado oficialmente \u00e0 governadora sua inten\u00e7\u00e3o de renunciar ao cargo de vice-governador.<\/p>\n\n\n\n<p>O movimento acontece em meio a um processo de distanciamento pol\u00edtico entre o MDB e a base governista no \u00e2mbito estadual.<\/p>\n","protected":false},"excerpt":{"rendered":"<p>O vice-governador do Rio Grande do Norte, Walter Alves (MDB), colocou \u00e0 disposi\u00e7\u00e3o da governadora F\u00e1tima Bezerra (PT) todos os cargos comissionados indicados pelo MDB na administra\u00e7\u00e3o estadual. A informa\u00e7\u00e3o foi divulgada pelo pr\u00f3prio Walter Alves nas redes sociais nesta ter\u00e7a-feira (20). A decis\u00e3o ocorre um dia ap\u00f3s o an\u00fancio de que o vice-governador n\u00e3o&#8230;<\/p>\n","protected":false},"author":1,"featured_media":8587,"comment_status":"open","ping_status":"open","sticky":false,"template":"","format":"standard","meta":{"footnotes":""},"categories":[6],"tags":[],"class_list":["post-8586","post","type-post","status-publish","format-standard","has-post-thumbnail","hentry","category-politica"],"_links":{"self":[{"href":"https:\/\/cafecommessias.com.br\/index.php?rest_route=\/wp\/v2\/posts\/8586","targetHints":{"allow":["GET"]}}],"collection":[{"href":"https:\/\/cafecommessias.com.br\/index.php?rest_route=\/wp\/v2\/posts"}],"about":[{"href":"https:\/\/cafecommessias.com.br\/index.php?rest_route=\/wp\/v2\/types\/post"}],"author":[{"embeddable":true,"href":"https:\/\/cafecommessias.com.br\/index.php?rest_route=\/wp\/v2\/users\/1"}],"replies":[{"embeddable":true,"href":"https:\/\/cafecommessias.com.br\/index.php?rest_route=%2Fwp%2Fv2%2Fcomments&post=8586"}],"version-history":[{"count":1,"href":"https:\/\/cafecommessias.com.br\/index.php?rest_route=\/wp\/v2\/posts\/8586\/revisions"}],"predecessor-version":[{"id":8588,"href":"https:\/\/cafecommessias.com.br\/index.php?rest_route=\/wp\/v2\/posts\/8586\/revisions\/8588"}],"wp:featuredmedia":[{"embeddable":true,"href":"https:\/\/cafecommessias.com.br\/index.php?rest_route=\/wp\/v2\/media\/8587"}],"wp:attachment":[{"href":"https:\/\/cafecommessias.com.br\/index.php?rest_route=%2Fwp%2Fv2%2Fmedia&parent=8586"}],"wp:term":[{"taxonomy":"category","embeddable":true,"href":"https:\/\/cafecommessias.com.br\/index.php?rest_route=%2Fwp%2Fv2%2Fcategories&post=8586"},{"taxonomy":"post_tag","embeddable":true,"href":"https:\/\/cafecommessias.com.br\/index.php?rest_route=%2Fwp%2Fv2%2Ftags&post=8586"}],"curies":[{"name":"wp","href":"https:\/\/api.w.org\/{rel}","templated":true}]}}