{"id":8601,"date":"2026-01-21T08:10:01","date_gmt":"2026-01-21T11:10:01","guid":{"rendered":"https:\/\/cafecommessias.com.br\/?p=8601"},"modified":"2026-01-21T08:10:12","modified_gmt":"2026-01-21T11:10:12","slug":"trump-afirma-que-conselho-de-paz-pode-substituir-a-onu-e-critica-atuacao-da-organizacao","status":"publish","type":"post","link":"https:\/\/cafecommessias.com.br\/?p=8601","title":{"rendered":"Trump afirma que Conselho de Paz pode substituir a ONU e critica atua\u00e7\u00e3o da organiza\u00e7\u00e3o"},"content":{"rendered":"\n<p>O presidente dos Estados Unidos, Donald Trump, afirmou nesta ter\u00e7a-feira (20) que o Conselho de Paz criado por seu governo pode substituir a Organiza\u00e7\u00e3o das Na\u00e7\u00f5es Unidas (ONU). Em declara\u00e7\u00f5es \u00e0 imprensa, Trump voltou a criticar a entidade internacional, classificando-a como ineficaz na resolu\u00e7\u00e3o de conflitos globais.<\/p>\n\n\n\n<p>\u201cA ONU simplesmente n\u00e3o tem sido muito \u00fatil. Sou um grande f\u00e3 do potencial da ONU, mas ela nunca esteve \u00e0 altura do seu potencial\u201d, disse o presidente, durante uma coletiva que marcou um ano de seu retorno \u00e0 Casa Branca. Segundo Trump, a organiza\u00e7\u00e3o falhou em conflitos que ele afirma ter resolvido sem qualquer participa\u00e7\u00e3o do organismo internacional.<\/p>\n\n\n\n<p>O Conselho de Paz foi institu\u00eddo no contexto do acordo articulado por Trump para encerrar a guerra entre Israel e Hamas na Faixa de Gaza. Nesta semana, o presidente norte-americano enviou convites a diversos l\u00edderes mundiais para integrar o novo painel, incluindo o presidente da R\u00fassia, Vladimir Putin. A iniciativa, no entanto, tem dividido opini\u00f5es no cen\u00e1rio internacional.<\/p>\n\n\n\n<p>O presidente da Fran\u00e7a, Emmanuel Macron, j\u00e1 sinalizou que n\u00e3o aceitar\u00e1 o convite, alegando d\u00favidas sobre o papel e a abrang\u00eancia do conselho. Mais cedo, o chefe de assuntos humanit\u00e1rios da ONU, Tom Fletcher, reagiu \u00e0s declara\u00e7\u00f5es de Trump e afirmou que a organiza\u00e7\u00e3o n\u00e3o ser\u00e1 substitu\u00edda. \u201cEst\u00e1 claro para mim, e para meus colegas tamb\u00e9m, que as Na\u00e7\u00f5es Unidas n\u00e3o v\u00e3o a lugar nenhum\u201d, disse em entrevista \u00e0 CNN.<\/p>\n\n\n\n<p><em><sub>Por CNN<\/sub><\/em><\/p>\n\n\n\n<p><\/p>\n","protected":false},"excerpt":{"rendered":"<p>O presidente dos Estados Unidos, Donald Trump, afirmou nesta ter\u00e7a-feira (20) que o Conselho de Paz criado por seu governo pode substituir a Organiza\u00e7\u00e3o das Na\u00e7\u00f5es Unidas (ONU). Em declara\u00e7\u00f5es \u00e0 imprensa, Trump voltou a criticar a entidade internacional, classificando-a como ineficaz na resolu\u00e7\u00e3o de conflitos globais. \u201cA ONU simplesmente n\u00e3o tem sido muito \u00fatil&#8230;.<\/p>\n","protected":false},"author":1,"featured_media":8602,"comment_status":"open","ping_status":"closed","sticky":false,"template":"","format":"standard","meta":{"footnotes":""},"categories":[2],"tags":[],"class_list":["post-8601","post","type-post","status-publish","format-standard","has-post-thumbnail","hentry","category-internacional"],"_links":{"self":[{"href":"https:\/\/cafecommessias.com.br\/index.php?rest_route=\/wp\/v2\/posts\/8601","targetHints":{"allow":["GET"]}}],"collection":[{"href":"https:\/\/cafecommessias.com.br\/index.php?rest_route=\/wp\/v2\/posts"}],"about":[{"href":"https:\/\/cafecommessias.com.br\/index.php?rest_route=\/wp\/v2\/types\/post"}],"author":[{"embeddable":true,"href":"https:\/\/cafecommessias.com.br\/index.php?rest_route=\/wp\/v2\/users\/1"}],"replies":[{"embeddable":true,"href":"https:\/\/cafecommessias.com.br\/index.php?rest_route=%2Fwp%2Fv2%2Fcomments&post=8601"}],"version-history":[{"count":1,"href":"https:\/\/cafecommessias.com.br\/index.php?rest_route=\/wp\/v2\/posts\/8601\/revisions"}],"predecessor-version":[{"id":8603,"href":"https:\/\/cafecommessias.com.br\/index.php?rest_route=\/wp\/v2\/posts\/8601\/revisions\/8603"}],"wp:featuredmedia":[{"embeddable":true,"href":"https:\/\/cafecommessias.com.br\/index.php?rest_route=\/wp\/v2\/media\/8602"}],"wp:attachment":[{"href":"https:\/\/cafecommessias.com.br\/index.php?rest_route=%2Fwp%2Fv2%2Fmedia&parent=8601"}],"wp:term":[{"taxonomy":"category","embeddable":true,"href":"https:\/\/cafecommessias.com.br\/index.php?rest_route=%2Fwp%2Fv2%2Fcategories&post=8601"},{"taxonomy":"post_tag","embeddable":true,"href":"https:\/\/cafecommessias.com.br\/index.php?rest_route=%2Fwp%2Fv2%2Ftags&post=8601"}],"curies":[{"name":"wp","href":"https:\/\/api.w.org\/{rel}","templated":true}]}}