{"id":8629,"date":"2026-01-22T06:06:45","date_gmt":"2026-01-22T09:06:45","guid":{"rendered":"https:\/\/cafecommessias.com.br\/?p=8629"},"modified":"2026-01-22T06:06:58","modified_gmt":"2026-01-22T09:06:58","slug":"rogerio-marinho-confirma-alvaro-dias-como-pre-candidato-a-governo-do-estado","status":"publish","type":"post","link":"https:\/\/cafecommessias.com.br\/?p=8629","title":{"rendered":"Rog\u00e9rio Marinho confirma \u00c1lvaro Dias como pr\u00e9-candidato a governo do Estado"},"content":{"rendered":"\n<p>O senador Rog\u00e9rio Marinho confirmou na manh\u00e3 desta quarta-feira 21, o ex-prefeito de Natal \u00c1lvaro Dias como pr\u00e9-candidato a governador pelo time de direita.<\/p>\n\n\n\n<p>Al\u00e9m de \u00c1lvaro Dias governador, Rog\u00e9rio Marinho ratificou o nome de Styvenson para reelei\u00e7\u00e3o ao senado federal.<\/p>\n\n\n\n<p>Muitas lideran\u00e7as pol\u00edticas do Estado est\u00e3o presentes no evento e aguardam ansiosas a fala de \u00c1lvaro Dias.<\/p>\n","protected":false},"excerpt":{"rendered":"<p>O senador Rog\u00e9rio Marinho confirmou na manh\u00e3 desta quarta-feira 21, o ex-prefeito de Natal \u00c1lvaro Dias como pr\u00e9-candidato a governador pelo time de direita. Al\u00e9m de \u00c1lvaro Dias governador, Rog\u00e9rio Marinho ratificou o nome de Styvenson para reelei\u00e7\u00e3o ao senado federal. Muitas lideran\u00e7as pol\u00edticas do Estado est\u00e3o presentes no evento e aguardam ansiosas a fala&#8230;<\/p>\n","protected":false},"author":1,"featured_media":8630,"comment_status":"open","ping_status":"closed","sticky":false,"template":"","format":"standard","meta":{"footnotes":""},"categories":[6],"tags":[],"class_list":["post-8629","post","type-post","status-publish","format-standard","has-post-thumbnail","hentry","category-politica"],"_links":{"self":[{"href":"https:\/\/cafecommessias.com.br\/index.php?rest_route=\/wp\/v2\/posts\/8629","targetHints":{"allow":["GET"]}}],"collection":[{"href":"https:\/\/cafecommessias.com.br\/index.php?rest_route=\/wp\/v2\/posts"}],"about":[{"href":"https:\/\/cafecommessias.com.br\/index.php?rest_route=\/wp\/v2\/types\/post"}],"author":[{"embeddable":true,"href":"https:\/\/cafecommessias.com.br\/index.php?rest_route=\/wp\/v2\/users\/1"}],"replies":[{"embeddable":true,"href":"https:\/\/cafecommessias.com.br\/index.php?rest_route=%2Fwp%2Fv2%2Fcomments&post=8629"}],"version-history":[{"count":1,"href":"https:\/\/cafecommessias.com.br\/index.php?rest_route=\/wp\/v2\/posts\/8629\/revisions"}],"predecessor-version":[{"id":8631,"href":"https:\/\/cafecommessias.com.br\/index.php?rest_route=\/wp\/v2\/posts\/8629\/revisions\/8631"}],"wp:featuredmedia":[{"embeddable":true,"href":"https:\/\/cafecommessias.com.br\/index.php?rest_route=\/wp\/v2\/media\/8630"}],"wp:attachment":[{"href":"https:\/\/cafecommessias.com.br\/index.php?rest_route=%2Fwp%2Fv2%2Fmedia&parent=8629"}],"wp:term":[{"taxonomy":"category","embeddable":true,"href":"https:\/\/cafecommessias.com.br\/index.php?rest_route=%2Fwp%2Fv2%2Fcategories&post=8629"},{"taxonomy":"post_tag","embeddable":true,"href":"https:\/\/cafecommessias.com.br\/index.php?rest_route=%2Fwp%2Fv2%2Ftags&post=8629"}],"curies":[{"name":"wp","href":"https:\/\/api.w.org\/{rel}","templated":true}]}}