{"id":8632,"date":"2026-01-22T06:08:17","date_gmt":"2026-01-22T09:08:17","guid":{"rendered":"https:\/\/cafecommessias.com.br\/?p=8632"},"modified":"2026-01-22T06:08:32","modified_gmt":"2026-01-22T09:08:32","slug":"olho-no-olho-se-alvaro-nao-cumprir-metas-serei-candidato-na-proxima-diz-styvenson-a-alvaro","status":"publish","type":"post","link":"https:\/\/cafecommessias.com.br\/?p=8632","title":{"rendered":"Olho no olho: \u201cSe \u00c1lvaro n\u00e3o cumprir metas, serei candidato na pr\u00f3xima\u201d, diz Styvenson a \u00c1lvaro"},"content":{"rendered":"\n<p>O senador Styvenson Valentim (PL) confirmou que ser\u00e1 candidato \u00e0 reelei\u00e7\u00e3o ao Senado em 2026 e afirmou que ir\u00e1 cobrar o cumprimento de metas do ex-prefeito de Natal, \u00c1lvaro Dias (Republicanos), caso ele seja eleito governador do Rio Grande do Norte. A declara\u00e7\u00e3o foi feita nesta quarta-feira (21), durante entrevista coletiva na Casa do PL-RN, no bairro de Lagoa Nova, Zona Sul de Natal.<\/p>\n\n\n\n<p>A fala ocorreu no mesmo evento em que o senador Rog\u00e9rio Marinho (PL) anunciou a retirada de sua pr\u00e9-candidatura ao Governo do Estado e declarou apoio a \u00c1lvaro Dias como nome da direita para a disputa estadual.<\/p>\n\n\n\n<p>Durante a coletiva, Styvenson afirmou que apoia o projeto pol\u00edtico liderado por \u00c1lvaro, reconheceu as dificuldades financeiras do Estado e disse que continuar\u00e1 contribuindo a partir do Senado. No entanto, deixou claro que o apoio n\u00e3o ser\u00e1 incondicional. \u201cN\u00e3o sou bom s\u00f3 para apoiar, sou bom para cobrar\u201d, declarou.<\/p>\n\n\n\n<p>O senador afirmou ainda que poder\u00e1 disputar o Governo do Estado em uma elei\u00e7\u00e3o futura caso os compromissos assumidos n\u00e3o sejam cumpridos. \u201cSe \u00c1lvaro n\u00e3o cumprir metas, serei candidato na pr\u00f3xima\u201d, disse.<\/p>\n\n\n\n<p>Em tom firme, Styvenson criticou promessas eleitorais e afirmou que a popula\u00e7\u00e3o est\u00e1 cansada de discursos f\u00e1ceis. Segundo ele, vencer uma elei\u00e7\u00e3o \u00e9 simples, mas governar com resultados \u00e9 o verdadeiro desafio. O parlamentar destacou que n\u00e3o far\u00e1 concess\u00f5es por alinhamento pol\u00edtico e que a cobran\u00e7a valer\u00e1 para qualquer gestor.<\/p>\n\n\n\n<p>\u201cAcabou a \u00e9poca de promessa e de enganar as pessoas. Pol\u00edtica \u00e9 fazer para todos, de forma positiva. N\u00e3o \u00e9 porque est\u00e1 do meu lado que eu passo a m\u00e3o na cabe\u00e7a\u201d, afirmou.<\/p>\n\n\n\n<p>Styvenson tamb\u00e9m disse que o Rio Grande do Norte precisa avan\u00e7ar para deixar de comparar seu desenvolvimento com estados vizinhos, como Para\u00edba e Cear\u00e1. Para isso, defendeu compromisso, cobran\u00e7a e responsabilidade com quem vota e com a popula\u00e7\u00e3o em geral.<\/p>\n","protected":false},"excerpt":{"rendered":"<p>O senador Styvenson Valentim (PL) confirmou que ser\u00e1 candidato \u00e0 reelei\u00e7\u00e3o ao Senado em 2026 e afirmou que ir\u00e1 cobrar o cumprimento de metas do ex-prefeito de Natal, \u00c1lvaro Dias (Republicanos), caso ele seja eleito governador do Rio Grande do Norte. A declara\u00e7\u00e3o foi feita nesta quarta-feira (21), durante entrevista coletiva na Casa do PL-RN,&#8230;<\/p>\n","protected":false},"author":1,"featured_media":8633,"comment_status":"open","ping_status":"closed","sticky":false,"template":"","format":"standard","meta":{"footnotes":""},"categories":[6],"tags":[],"class_list":["post-8632","post","type-post","status-publish","format-standard","has-post-thumbnail","hentry","category-politica"],"_links":{"self":[{"href":"https:\/\/cafecommessias.com.br\/index.php?rest_route=\/wp\/v2\/posts\/8632","targetHints":{"allow":["GET"]}}],"collection":[{"href":"https:\/\/cafecommessias.com.br\/index.php?rest_route=\/wp\/v2\/posts"}],"about":[{"href":"https:\/\/cafecommessias.com.br\/index.php?rest_route=\/wp\/v2\/types\/post"}],"author":[{"embeddable":true,"href":"https:\/\/cafecommessias.com.br\/index.php?rest_route=\/wp\/v2\/users\/1"}],"replies":[{"embeddable":true,"href":"https:\/\/cafecommessias.com.br\/index.php?rest_route=%2Fwp%2Fv2%2Fcomments&post=8632"}],"version-history":[{"count":1,"href":"https:\/\/cafecommessias.com.br\/index.php?rest_route=\/wp\/v2\/posts\/8632\/revisions"}],"predecessor-version":[{"id":8634,"href":"https:\/\/cafecommessias.com.br\/index.php?rest_route=\/wp\/v2\/posts\/8632\/revisions\/8634"}],"wp:featuredmedia":[{"embeddable":true,"href":"https:\/\/cafecommessias.com.br\/index.php?rest_route=\/wp\/v2\/media\/8633"}],"wp:attachment":[{"href":"https:\/\/cafecommessias.com.br\/index.php?rest_route=%2Fwp%2Fv2%2Fmedia&parent=8632"}],"wp:term":[{"taxonomy":"category","embeddable":true,"href":"https:\/\/cafecommessias.com.br\/index.php?rest_route=%2Fwp%2Fv2%2Fcategories&post=8632"},{"taxonomy":"post_tag","embeddable":true,"href":"https:\/\/cafecommessias.com.br\/index.php?rest_route=%2Fwp%2Fv2%2Ftags&post=8632"}],"curies":[{"name":"wp","href":"https:\/\/api.w.org\/{rel}","templated":true}]}}