{"id":8656,"date":"2026-01-23T13:43:04","date_gmt":"2026-01-23T16:43:04","guid":{"rendered":"https:\/\/cafecommessias.com.br\/?p=8656"},"modified":"2026-01-23T13:43:18","modified_gmt":"2026-01-23T16:43:18","slug":"adolescente-chefinho-apontado-como-lider-de-faccao-e-apreendido-na-zona-oeste-de-natal","status":"publish","type":"post","link":"https:\/\/cafecommessias.com.br\/?p=8656","title":{"rendered":"Adolescente \u201cChefinho\u201d, apontado como l\u00edder de fac\u00e7\u00e3o, \u00e9 apreendido na zona Oeste de Natal"},"content":{"rendered":"\n<p>Uma opera\u00e7\u00e3o do Comando de Policiamento Rodovi\u00e1rio Estadual (CPRE) resultou na apreens\u00e3o de um adolescente de 17 anos com mandado de busca e apreens\u00e3o em aberto por ato infracional an\u00e1logo a roubo.<\/p>\n\n\n\n<p>Segundo a pol\u00edcia, o adolescente \u00e9 apontado como lideran\u00e7a de uma fac\u00e7\u00e3o criminosa que atua na regi\u00e3o. Conhecido como \u201cChefinho\u201d, ele estava foragido desde outubro de 2025 e foi apreendido na noite de&nbsp;quinta-feira (22).<\/p>\n\n\n\n<p>O mandado foi expedido pela 3\u00aa Vara da Inf\u00e2ncia e Juventude de Natal. A apreens\u00e3o do jovem foi feita por equipes do T\u00e1tico Operacional Rodovi\u00e1rio do Batalh\u00e3o de Pol\u00edcia Rodovi\u00e1ria Estadual (BPRv) durante patrulhamento com abordagens na comunidade Novo Horizonte, na zona Oeste da capital, \u00e1rea antes conhecida como Jap\u00e3o.<\/p>\n\n\n\n<p>Ap\u00f3s a captura, o jovem foi encaminhado e colocado \u00e0 disposi\u00e7\u00e3o da Justi\u00e7a para as medidas legais cab\u00edveis.<\/p>\n","protected":false},"excerpt":{"rendered":"<p>Uma opera\u00e7\u00e3o do Comando de Policiamento Rodovi\u00e1rio Estadual (CPRE) resultou na apreens\u00e3o de um adolescente de 17 anos com mandado de busca e apreens\u00e3o em aberto por ato infracional an\u00e1logo a roubo. Segundo a pol\u00edcia, o adolescente \u00e9 apontado como lideran\u00e7a de uma fac\u00e7\u00e3o criminosa que atua na regi\u00e3o. Conhecido como \u201cChefinho\u201d, ele estava foragido&#8230;<\/p>\n","protected":false},"author":1,"featured_media":8657,"comment_status":"open","ping_status":"closed","sticky":false,"template":"","format":"standard","meta":{"footnotes":""},"categories":[5],"tags":[],"class_list":["post-8656","post","type-post","status-publish","format-standard","has-post-thumbnail","hentry","category-policia"],"_links":{"self":[{"href":"https:\/\/cafecommessias.com.br\/index.php?rest_route=\/wp\/v2\/posts\/8656","targetHints":{"allow":["GET"]}}],"collection":[{"href":"https:\/\/cafecommessias.com.br\/index.php?rest_route=\/wp\/v2\/posts"}],"about":[{"href":"https:\/\/cafecommessias.com.br\/index.php?rest_route=\/wp\/v2\/types\/post"}],"author":[{"embeddable":true,"href":"https:\/\/cafecommessias.com.br\/index.php?rest_route=\/wp\/v2\/users\/1"}],"replies":[{"embeddable":true,"href":"https:\/\/cafecommessias.com.br\/index.php?rest_route=%2Fwp%2Fv2%2Fcomments&post=8656"}],"version-history":[{"count":1,"href":"https:\/\/cafecommessias.com.br\/index.php?rest_route=\/wp\/v2\/posts\/8656\/revisions"}],"predecessor-version":[{"id":8658,"href":"https:\/\/cafecommessias.com.br\/index.php?rest_route=\/wp\/v2\/posts\/8656\/revisions\/8658"}],"wp:featuredmedia":[{"embeddable":true,"href":"https:\/\/cafecommessias.com.br\/index.php?rest_route=\/wp\/v2\/media\/8657"}],"wp:attachment":[{"href":"https:\/\/cafecommessias.com.br\/index.php?rest_route=%2Fwp%2Fv2%2Fmedia&parent=8656"}],"wp:term":[{"taxonomy":"category","embeddable":true,"href":"https:\/\/cafecommessias.com.br\/index.php?rest_route=%2Fwp%2Fv2%2Fcategories&post=8656"},{"taxonomy":"post_tag","embeddable":true,"href":"https:\/\/cafecommessias.com.br\/index.php?rest_route=%2Fwp%2Fv2%2Ftags&post=8656"}],"curies":[{"name":"wp","href":"https:\/\/api.w.org\/{rel}","templated":true}]}}