{"id":8671,"date":"2026-01-23T13:58:20","date_gmt":"2026-01-23T16:58:20","guid":{"rendered":"https:\/\/cafecommessias.com.br\/?p=8671"},"modified":"2026-01-23T13:58:35","modified_gmt":"2026-01-23T16:58:35","slug":"8o-bpm-recupera-carreta-roubada-na-cidade-de-passa-e-fica-rn","status":"publish","type":"post","link":"https:\/\/cafecommessias.com.br\/?p=8671","title":{"rendered":"8\u00ba BPM recupera carreta roubada na cidade de Passa e Fica\/RN"},"content":{"rendered":"\n<p>Na noite dessa quarta-feira (21),policiais militares da cidade de Passa e Fica, no Rio Grande do Norte, foram acionados ap\u00f3s informa\u00e7\u00f5es sobre uma carreta Mercedes-Benz com registro de roubo. A den\u00fancia indicava que o ve\u00edculo estaria circulando ou abandonado na regi\u00e3o.<\/p>\n\n\n\n<p>Equipamento policial<\/p>\n\n\n\n<p>Segundo os dados repassados \u00e0 PM, a carreta pertence a um cidad\u00e3o residente no estado de Pernambuco e havia sido roubada no in\u00edcio do m\u00eas de janeiro, nas proximidades do munic\u00edpio de Mossor\u00f3\/RN, mobilizando as for\u00e7as de seguran\u00e7a para a sua localiza\u00e7\u00e3o.<\/p>\n\n\n\n<p>Diante da ocorr\u00eancia, guarni\u00e7\u00f5es da 3\u00aa Companhia, com apoio da equipe de Serra de S\u00e3o Bento, realizaram dilig\u00eancias pela RN-093, obtendo \u00eaxito ao localizar o ve\u00edculo parado no acostamento, na sa\u00edda para o munic\u00edpio de S\u00e3o Jos\u00e9 do Campestre\/RN.&nbsp;<\/p>\n\n\n\n<p>Ap\u00f3s a confirma\u00e7\u00e3o de se constatar ser o ve\u00edculo roubado, foi feito contato com o propriet\u00e1rio para a ado\u00e7\u00e3o dos procedimentos legais junto \u00e0 Pol\u00edcia Civil.<\/p>\n\n\n\n<p><em><sub>Fonte: PMRN<\/sub><\/em><\/p>\n\n\n\n<p><\/p>\n","protected":false},"excerpt":{"rendered":"<p>Na noite dessa quarta-feira (21),policiais militares da cidade de Passa e Fica, no Rio Grande do Norte, foram acionados ap\u00f3s informa\u00e7\u00f5es sobre uma carreta Mercedes-Benz com registro de roubo. A den\u00fancia indicava que o ve\u00edculo estaria circulando ou abandonado na regi\u00e3o. Equipamento policial Segundo os dados repassados \u00e0 PM, a carreta pertence a um cidad\u00e3o&#8230;<\/p>\n","protected":false},"author":1,"featured_media":8672,"comment_status":"open","ping_status":"closed","sticky":false,"template":"","format":"standard","meta":{"footnotes":""},"categories":[5],"tags":[],"class_list":["post-8671","post","type-post","status-publish","format-standard","has-post-thumbnail","hentry","category-policia"],"_links":{"self":[{"href":"https:\/\/cafecommessias.com.br\/index.php?rest_route=\/wp\/v2\/posts\/8671","targetHints":{"allow":["GET"]}}],"collection":[{"href":"https:\/\/cafecommessias.com.br\/index.php?rest_route=\/wp\/v2\/posts"}],"about":[{"href":"https:\/\/cafecommessias.com.br\/index.php?rest_route=\/wp\/v2\/types\/post"}],"author":[{"embeddable":true,"href":"https:\/\/cafecommessias.com.br\/index.php?rest_route=\/wp\/v2\/users\/1"}],"replies":[{"embeddable":true,"href":"https:\/\/cafecommessias.com.br\/index.php?rest_route=%2Fwp%2Fv2%2Fcomments&post=8671"}],"version-history":[{"count":1,"href":"https:\/\/cafecommessias.com.br\/index.php?rest_route=\/wp\/v2\/posts\/8671\/revisions"}],"predecessor-version":[{"id":8673,"href":"https:\/\/cafecommessias.com.br\/index.php?rest_route=\/wp\/v2\/posts\/8671\/revisions\/8673"}],"wp:featuredmedia":[{"embeddable":true,"href":"https:\/\/cafecommessias.com.br\/index.php?rest_route=\/wp\/v2\/media\/8672"}],"wp:attachment":[{"href":"https:\/\/cafecommessias.com.br\/index.php?rest_route=%2Fwp%2Fv2%2Fmedia&parent=8671"}],"wp:term":[{"taxonomy":"category","embeddable":true,"href":"https:\/\/cafecommessias.com.br\/index.php?rest_route=%2Fwp%2Fv2%2Fcategories&post=8671"},{"taxonomy":"post_tag","embeddable":true,"href":"https:\/\/cafecommessias.com.br\/index.php?rest_route=%2Fwp%2Fv2%2Ftags&post=8671"}],"curies":[{"name":"wp","href":"https:\/\/api.w.org\/{rel}","templated":true}]}}