{"id":8674,"date":"2026-01-23T14:00:44","date_gmt":"2026-01-23T17:00:44","guid":{"rendered":"https:\/\/cafecommessias.com.br\/?p=8674"},"modified":"2026-01-23T14:00:55","modified_gmt":"2026-01-23T17:00:55","slug":"mais-de-15-mil-pessoas-marcam-os-63-anos-de-caicara-do-rio-do-vento-na-gestao-ceica-lisboa","status":"publish","type":"post","link":"https:\/\/cafecommessias.com.br\/?p=8674","title":{"rendered":"Mais de 15 mil pessoas marcam os 63 anos de Cai\u00e7ara do Rio do Vento na gest\u00e3o Cei\u00e7a Lisboa"},"content":{"rendered":"\n<p>O munic\u00edpio de Cai\u00e7ara do Rio do Vento celebrou, entre os dias 16 e 20 de janeiro, seus 63 anos de Emancipa\u00e7\u00e3o Pol\u00edtica com uma programa\u00e7\u00e3o hist\u00f3rica que uniu grandes entregas da gest\u00e3o municipal, atra\u00e7\u00f5es musicais de destaque, f\u00e9 e momentos de confraterniza\u00e7\u00e3o. Ao longo dos festejos, mais de 15 mil pessoas participaram das comemora\u00e7\u00f5es, consolidando uma das maiores celebra\u00e7\u00f5es j\u00e1 realizadas no munic\u00edpio.<\/p>\n\n\n\n<figure class=\"wp-block-image size-large\"><img loading=\"lazy\" decoding=\"async\" width=\"1024\" height=\"768\" src=\"https:\/\/cafecommessias.com.br\/wp-content\/uploads\/2026\/01\/WhatsApp-Image-2026-01-23-at-09.56.311-1536x1152-1-1024x768.jpeg\" alt=\"\" class=\"wp-image-8676\" srcset=\"https:\/\/cafecommessias.com.br\/wp-content\/uploads\/2026\/01\/WhatsApp-Image-2026-01-23-at-09.56.311-1536x1152-1-1024x768.jpeg 1024w, https:\/\/cafecommessias.com.br\/wp-content\/uploads\/2026\/01\/WhatsApp-Image-2026-01-23-at-09.56.311-1536x1152-1-300x225.jpeg 300w, https:\/\/cafecommessias.com.br\/wp-content\/uploads\/2026\/01\/WhatsApp-Image-2026-01-23-at-09.56.311-1536x1152-1-768x576.jpeg 768w, https:\/\/cafecommessias.com.br\/wp-content\/uploads\/2026\/01\/WhatsApp-Image-2026-01-23-at-09.56.311-1536x1152-1.jpeg 1536w\" sizes=\"auto, (max-width: 1024px) 100vw, 1024px\" \/><\/figure>\n\n\n\n<p>O ponto alto da programa\u00e7\u00e3o aconteceu no dia 17 de janeiro, com a tradicional Festa Social, que levou ao palco Felipe Xegado, Elaine Tyne, a consagrada banda Grafith e Silvana &amp; Berg (Duas Paix\u00f5es). A noite atraiu um grande p\u00fablico e visitantes de diversos munic\u00edpios da regi\u00e3o, consolidando-se como o maior momento festivo do calend\u00e1rio comemorativo.<\/p>\n\n\n\n<p>As comemora\u00e7\u00f5es continuaram com a tradicional Prociss\u00e3o de S\u00e3o Sebasti\u00e3o ter\u00e7a, dia 20, reunindo fi\u00e9is em um momento marcado pela f\u00e9, devo\u00e7\u00e3o e fortalecimento das tradi\u00e7\u00f5es religiosas do munic\u00edpio. A popula\u00e7\u00e3o vivenciou um momento especial de espiritualidade durante a Noite de Louvor, conduzida pelos Mission\u00e1rios Shalom.<\/p>\n\n\n\n<p>E n\u00e3o para por a\u00ed. Neste s\u00e1bado, 24 de janeiro, o munic\u00edpio ainda recebe um Show Gospel, reunindo Alice Maciel e Fernanda e Gislayne, refor\u00e7ando o car\u00e1ter plural, democr\u00e1tico e inclusivo da programa\u00e7\u00e3o comemorativa.<\/p>\n\n\n\n<p>Al\u00e9m da programa\u00e7\u00e3o cultural e religiosa, a gest\u00e3o da prefeita Ce\u00ed\u00e7a Lisboa marcou a data com entregas estruturantes e a\u00e7\u00f5es de grande impacto para o desenvolvimento do munic\u00edpio. Entre as principais realiza\u00e7\u00f5es, destacam-se a recupera\u00e7\u00e3o de mais de 17 quil\u00f4metros de estradas vicinais na Serra da Gameleira, garantindo melhor mobilidade, seguran\u00e7a e condi\u00e7\u00f5es para o escoamento da produ\u00e7\u00e3o rural; a reforma da sede da Prefeitura, promovendo moderniza\u00e7\u00e3o, funcionalidade e melhores condi\u00e7\u00f5es de atendimento \u00e0 popula\u00e7\u00e3o; a amplia\u00e7\u00e3o da ilumina\u00e7\u00e3o p\u00fablica em LED, refor\u00e7ando a seguran\u00e7a e a efici\u00eancia energ\u00e9tica; e a entrega de quatro novos ve\u00edculos, fortalecendo a frota municipal e os servi\u00e7os p\u00fablicos.<\/p>\n\n\n\n<p>\u201cCelebrar os 63 anos de Cai\u00e7ara do Rio do Vento \u00e9 reafirmar o nosso amor pela cidade e pelo nosso povo. Foram dias de alegria, f\u00e9, confraterniza\u00e7\u00e3o e, sobretudo, de entregas importantes que demonstram o cuidado da gest\u00e3o com cada cidad\u00e3o cai\u00e7arense\u201d, destacou a prefeita Ce\u00ed\u00e7a Lisboa.<\/p>\n\n\n\n<p>Ao final, os festejos de emancipa\u00e7\u00e3o, aliados \u00e0s importantes entregas realizadas pela Prefeitura, movimentaram a cidade, impulsionaram a economia local e reuniram mais de 15 mil pessoas, consolidando os 63 anos de Cai\u00e7ara do Rio do Vento como um dos momentos mais simb\u00f3licos e marcantes da hist\u00f3ria do munic\u00edpio.<\/p>\n","protected":false},"excerpt":{"rendered":"<p>O munic\u00edpio de Cai\u00e7ara do Rio do Vento celebrou, entre os dias 16 e 20 de janeiro, seus 63 anos de Emancipa\u00e7\u00e3o Pol\u00edtica com uma programa\u00e7\u00e3o hist\u00f3rica que uniu grandes entregas da gest\u00e3o municipal, atra\u00e7\u00f5es musicais de destaque, f\u00e9 e momentos de confraterniza\u00e7\u00e3o. Ao longo dos festejos, mais de 15 mil pessoas participaram das comemora\u00e7\u00f5es,&#8230;<\/p>\n","protected":false},"author":1,"featured_media":8675,"comment_status":"open","ping_status":"closed","sticky":false,"template":"","format":"standard","meta":{"footnotes":""},"categories":[8],"tags":[],"class_list":["post-8674","post","type-post","status-publish","format-standard","has-post-thumbnail","hentry","category-cidades"],"_links":{"self":[{"href":"https:\/\/cafecommessias.com.br\/index.php?rest_route=\/wp\/v2\/posts\/8674","targetHints":{"allow":["GET"]}}],"collection":[{"href":"https:\/\/cafecommessias.com.br\/index.php?rest_route=\/wp\/v2\/posts"}],"about":[{"href":"https:\/\/cafecommessias.com.br\/index.php?rest_route=\/wp\/v2\/types\/post"}],"author":[{"embeddable":true,"href":"https:\/\/cafecommessias.com.br\/index.php?rest_route=\/wp\/v2\/users\/1"}],"replies":[{"embeddable":true,"href":"https:\/\/cafecommessias.com.br\/index.php?rest_route=%2Fwp%2Fv2%2Fcomments&post=8674"}],"version-history":[{"count":1,"href":"https:\/\/cafecommessias.com.br\/index.php?rest_route=\/wp\/v2\/posts\/8674\/revisions"}],"predecessor-version":[{"id":8677,"href":"https:\/\/cafecommessias.com.br\/index.php?rest_route=\/wp\/v2\/posts\/8674\/revisions\/8677"}],"wp:featuredmedia":[{"embeddable":true,"href":"https:\/\/cafecommessias.com.br\/index.php?rest_route=\/wp\/v2\/media\/8675"}],"wp:attachment":[{"href":"https:\/\/cafecommessias.com.br\/index.php?rest_route=%2Fwp%2Fv2%2Fmedia&parent=8674"}],"wp:term":[{"taxonomy":"category","embeddable":true,"href":"https:\/\/cafecommessias.com.br\/index.php?rest_route=%2Fwp%2Fv2%2Fcategories&post=8674"},{"taxonomy":"post_tag","embeddable":true,"href":"https:\/\/cafecommessias.com.br\/index.php?rest_route=%2Fwp%2Fv2%2Ftags&post=8674"}],"curies":[{"name":"wp","href":"https:\/\/api.w.org\/{rel}","templated":true}]}}