{"id":8678,"date":"2026-01-23T14:03:07","date_gmt":"2026-01-23T17:03:07","guid":{"rendered":"https:\/\/cafecommessias.com.br\/?p=8678"},"modified":"2026-01-23T14:03:20","modified_gmt":"2026-01-23T17:03:20","slug":"instituto-metropole-digital-da-ufrn-abre-300-vagas-para-o-bacharelado-em-ti-via-sisu","status":"publish","type":"post","link":"https:\/\/cafecommessias.com.br\/?p=8678","title":{"rendered":"Instituto Metr\u00f3pole Digital da UFRN abre 300 vagas para o Bacharelado em TI via SiSU"},"content":{"rendered":"\n<p>Reconhecido pela flexibilidade de sua forma\u00e7\u00e3o, o Bacharelado em Tecnologia da Informa\u00e7\u00e3o (BTI) do Instituto Metr\u00f3pole Digital (IMD\/UFRN) est\u00e1 ofertando, por mais um ano, 300 vagas por meio do Sistema de Sele\u00e7\u00e3o Unificada (<a href=\"https:\/\/acessounico.mec.gov.br\/sisu\" target=\"_blank\" rel=\"noreferrer noopener\">SiSU<\/a>). As inscri\u00e7\u00f5es seguem abertas at\u00e9 a pr\u00f3xima sexta-feira, 23.<\/p>\n\n\n\n<p>Do total de vagas, 180 s\u00e3o destinadas ao turno integral (matutino e vespertino) e 120 apenas ao per\u00edodo noturno. Podem participar do processo seletivo os candidatos que realizaram o Exame Nacional do Ensino M\u00e9dio (ENEM), cuja edi\u00e7\u00e3o mais recente ocorreu em novembro de 2025.<\/p>\n\n\n\n<p>A matr\u00edcula na UFRN acontecer\u00e1 a partir do dia 2 de fevereiro. No SiSU, cada participante poder\u00e1 escolher at\u00e9 duas op\u00e7\u00f5es de cursos em institui\u00e7\u00f5es p\u00fablicas de ensino superior, indicando a ordem de prefer\u00eancia. As aulas das novas turmas ingressantes via SiSU ter\u00e3o in\u00edcio no dia 2 de mar\u00e7o, marcando o come\u00e7o do primeiro per\u00edodo letivo de 2026 na Universidade.<\/p>\n\n\n\n<p><strong>Curso<\/strong><\/p>\n\n\n\n<p>Com proposta interdisciplinar, o\u00a0Bacharelado em Tecnologia da Informa\u00e7\u00e3o\u00a0do IMD se destaca por oferecer um curr\u00edculo flex\u00edvel, permitindo que os estudantes construam sua trajet\u00f3ria acad\u00eamica de acordo com seus interesses e objetivos profissionais.<\/p>\n\n\n\n<p>Ap\u00f3s cursarem as disciplinas b\u00e1sicas, os alunos do BTI podem optar por seguir uma forma\u00e7\u00e3o com \u00eanfase espec\u00edfica ou montar sua pr\u00f3pria grade curricular, orientando-se, se desejarem, por diferentes \u00e1reas do conhecimento.<\/p>\n\n\n\n<p>As \u00eanfases dispon\u00edveis s\u00e3o Computa\u00e7\u00e3o e Desenvolvimento de&nbsp;<em>Software<\/em>. J\u00e1 as \u00e1reas do conhecimento contempladas no curso s\u00e3o oito: Inova\u00e7\u00e3o e Empreendedorismo; Inform\u00e1tica Educacional; Internet das Coisas; Ci\u00eancia de Dados; Produ\u00e7\u00e3o de Jogos Digitais; Bioinform\u00e1tica; Intelig\u00eancia Artificial; e Sistemas de Informa\u00e7\u00e3o de Gest\u00e3o.<\/p>\n\n\n\n<p>Mais informa\u00e7\u00f5es sobre o curso est\u00e3o dispon\u00edveis na p\u00e1gina oficial do Bacharelado em Tecnologia da Informa\u00e7\u00e3o.<\/p>\n\n\n\n<p><em><sub>Fonte: IMD\/UFRN.<\/sub><\/em><\/p>\n\n\n\n<p><\/p>\n","protected":false},"excerpt":{"rendered":"<p>Reconhecido pela flexibilidade de sua forma\u00e7\u00e3o, o Bacharelado em Tecnologia da Informa\u00e7\u00e3o (BTI) do Instituto Metr\u00f3pole Digital (IMD\/UFRN) est\u00e1 ofertando, por mais um ano, 300 vagas por meio do Sistema de Sele\u00e7\u00e3o Unificada (SiSU). As inscri\u00e7\u00f5es seguem abertas at\u00e9 a pr\u00f3xima sexta-feira, 23. Do total de vagas, 180 s\u00e3o destinadas ao turno integral (matutino e&#8230;<\/p>\n","protected":false},"author":1,"featured_media":8679,"comment_status":"open","ping_status":"closed","sticky":false,"template":"","format":"standard","meta":{"footnotes":""},"categories":[30],"tags":[],"class_list":["post-8678","post","type-post","status-publish","format-standard","has-post-thumbnail","hentry","category-educacao"],"_links":{"self":[{"href":"https:\/\/cafecommessias.com.br\/index.php?rest_route=\/wp\/v2\/posts\/8678","targetHints":{"allow":["GET"]}}],"collection":[{"href":"https:\/\/cafecommessias.com.br\/index.php?rest_route=\/wp\/v2\/posts"}],"about":[{"href":"https:\/\/cafecommessias.com.br\/index.php?rest_route=\/wp\/v2\/types\/post"}],"author":[{"embeddable":true,"href":"https:\/\/cafecommessias.com.br\/index.php?rest_route=\/wp\/v2\/users\/1"}],"replies":[{"embeddable":true,"href":"https:\/\/cafecommessias.com.br\/index.php?rest_route=%2Fwp%2Fv2%2Fcomments&post=8678"}],"version-history":[{"count":1,"href":"https:\/\/cafecommessias.com.br\/index.php?rest_route=\/wp\/v2\/posts\/8678\/revisions"}],"predecessor-version":[{"id":8680,"href":"https:\/\/cafecommessias.com.br\/index.php?rest_route=\/wp\/v2\/posts\/8678\/revisions\/8680"}],"wp:featuredmedia":[{"embeddable":true,"href":"https:\/\/cafecommessias.com.br\/index.php?rest_route=\/wp\/v2\/media\/8679"}],"wp:attachment":[{"href":"https:\/\/cafecommessias.com.br\/index.php?rest_route=%2Fwp%2Fv2%2Fmedia&parent=8678"}],"wp:term":[{"taxonomy":"category","embeddable":true,"href":"https:\/\/cafecommessias.com.br\/index.php?rest_route=%2Fwp%2Fv2%2Fcategories&post=8678"},{"taxonomy":"post_tag","embeddable":true,"href":"https:\/\/cafecommessias.com.br\/index.php?rest_route=%2Fwp%2Fv2%2Ftags&post=8678"}],"curies":[{"name":"wp","href":"https:\/\/api.w.org\/{rel}","templated":true}]}}