{"id":8690,"date":"2026-01-23T17:50:16","date_gmt":"2026-01-23T20:50:16","guid":{"rendered":"https:\/\/cafecommessias.com.br\/?p=8690"},"modified":"2026-01-23T17:50:40","modified_gmt":"2026-01-23T20:50:40","slug":"walter-alves-garante-comando-do-mdb-rn-ate-2027","status":"publish","type":"post","link":"https:\/\/cafecommessias.com.br\/?p=8690","title":{"rendered":"Walter Alves garante comando do MDB-RN at\u00e9 2027"},"content":{"rendered":"\n<p>O MDB do RN confirmou que Walter Alves segue no comando do partido at\u00e9 mar\u00e7o de 2027. A decis\u00e3o foi oficializada pelo presidente nacional da legenda, Baleia Rossi, e registrada junto \u00e0 Justi\u00e7a Eleitoral e ao TRE-RN.<\/p>\n\n\n\n<p>O mandato, que terminaria em outubro de 2025, foi prorrogado a pedido do diret\u00f3rio potiguar para garantir continuidade e estabilidade na lideran\u00e7a estadual. A medida est\u00e1 respaldada pelo Estatuto do MDB e pela autonomia garantida \u00e0s decis\u00f5es internas do partido pela Constitui\u00e7\u00e3o.<\/p>\n\n\n\n<figure class=\"wp-block-image size-full\"><img loading=\"lazy\" decoding=\"async\" width=\"570\" height=\"571\" src=\"https:\/\/cafecommessias.com.br\/wp-content\/uploads\/2026\/01\/MDB-Walter-Alves-ate-2027-Foto-Reproducao-Blog-Heitor-Gregorio.webp\" alt=\"\" class=\"wp-image-8691\" srcset=\"https:\/\/cafecommessias.com.br\/wp-content\/uploads\/2026\/01\/MDB-Walter-Alves-ate-2027-Foto-Reproducao-Blog-Heitor-Gregorio.webp 570w, https:\/\/cafecommessias.com.br\/wp-content\/uploads\/2026\/01\/MDB-Walter-Alves-ate-2027-Foto-Reproducao-Blog-Heitor-Gregorio-300x300.webp 300w, https:\/\/cafecommessias.com.br\/wp-content\/uploads\/2026\/01\/MDB-Walter-Alves-ate-2027-Foto-Reproducao-Blog-Heitor-Gregorio-150x150.webp 150w\" sizes=\"auto, (max-width: 570px) 100vw, 570px\" \/><\/figure>\n\n\n\n<p class=\"has-text-align-center\"><strong><em>Foto: Reprodu\u00e7\u00e3o\/Heitor Greg\u00f3rio<\/em><\/strong><\/p>\n\n\n\n<p>Com a prorroga\u00e7\u00e3o, Walter segue como presidente do diret\u00f3rio estadual e delegado \u00e0 conven\u00e7\u00e3o nacional do MDB, mantendo a influ\u00eancia sobre a legenda justamente no momento em que o cen\u00e1rio eleitoral de 2026 come\u00e7a a se desenhar.<\/p>\n\n\n\n<p>O comunicado de Baleia Rossi destaca que a decis\u00e3o ser\u00e1 submetida ao referendo da Comiss\u00e3o Executiva Nacional do partido, mas a expectativa \u00e9 de que a prorroga\u00e7\u00e3o se mantenha sem surpresas.<\/p>\n","protected":false},"excerpt":{"rendered":"<p>O MDB do RN confirmou que Walter Alves segue no comando do partido at\u00e9 mar\u00e7o de 2027. A decis\u00e3o foi oficializada pelo presidente nacional da legenda, Baleia Rossi, e registrada junto \u00e0 Justi\u00e7a Eleitoral e ao TRE-RN. O mandato, que terminaria em outubro de 2025, foi prorrogado a pedido do diret\u00f3rio potiguar para garantir continuidade&#8230;<\/p>\n","protected":false},"author":1,"featured_media":8692,"comment_status":"open","ping_status":"closed","sticky":false,"template":"","format":"standard","meta":{"footnotes":""},"categories":[6],"tags":[],"class_list":["post-8690","post","type-post","status-publish","format-standard","has-post-thumbnail","hentry","category-politica"],"_links":{"self":[{"href":"https:\/\/cafecommessias.com.br\/index.php?rest_route=\/wp\/v2\/posts\/8690","targetHints":{"allow":["GET"]}}],"collection":[{"href":"https:\/\/cafecommessias.com.br\/index.php?rest_route=\/wp\/v2\/posts"}],"about":[{"href":"https:\/\/cafecommessias.com.br\/index.php?rest_route=\/wp\/v2\/types\/post"}],"author":[{"embeddable":true,"href":"https:\/\/cafecommessias.com.br\/index.php?rest_route=\/wp\/v2\/users\/1"}],"replies":[{"embeddable":true,"href":"https:\/\/cafecommessias.com.br\/index.php?rest_route=%2Fwp%2Fv2%2Fcomments&post=8690"}],"version-history":[{"count":1,"href":"https:\/\/cafecommessias.com.br\/index.php?rest_route=\/wp\/v2\/posts\/8690\/revisions"}],"predecessor-version":[{"id":8693,"href":"https:\/\/cafecommessias.com.br\/index.php?rest_route=\/wp\/v2\/posts\/8690\/revisions\/8693"}],"wp:featuredmedia":[{"embeddable":true,"href":"https:\/\/cafecommessias.com.br\/index.php?rest_route=\/wp\/v2\/media\/8692"}],"wp:attachment":[{"href":"https:\/\/cafecommessias.com.br\/index.php?rest_route=%2Fwp%2Fv2%2Fmedia&parent=8690"}],"wp:term":[{"taxonomy":"category","embeddable":true,"href":"https:\/\/cafecommessias.com.br\/index.php?rest_route=%2Fwp%2Fv2%2Fcategories&post=8690"},{"taxonomy":"post_tag","embeddable":true,"href":"https:\/\/cafecommessias.com.br\/index.php?rest_route=%2Fwp%2Fv2%2Ftags&post=8690"}],"curies":[{"name":"wp","href":"https:\/\/api.w.org\/{rel}","templated":true}]}}