{"id":8728,"date":"2026-01-24T09:43:52","date_gmt":"2026-01-24T12:43:52","guid":{"rendered":"https:\/\/cafecommessias.com.br\/?p=8728"},"modified":"2026-01-24T09:44:14","modified_gmt":"2026-01-24T12:44:14","slug":"conselho-de-paz-23-paises-aceitam-convite-e-6-dizem-nao-a-trump-brasil-evita-resposta-direta","status":"publish","type":"post","link":"https:\/\/cafecommessias.com.br\/?p=8728","title":{"rendered":"CONSELHO DE PAZ: 23 pa\u00edses aceitam convite e 6 dizem n\u00e3o a Trump; Brasil evita resposta direta"},"content":{"rendered":"\n<p>O presidente dos Estados Unidos, Donald Trump, anunciou na quinta-feira (22) a cria\u00e7\u00e3o do chamado \u201cConselho da Paz\u201d, iniciativa voltada \u00e0 manuten\u00e7\u00e3o da paz e \u00e0 reconstru\u00e7\u00e3o da Faixa de Gaza, com possibilidade de atua\u00e7\u00e3o em outros conflitos no futuro.<\/p>\n\n\n\n<p><strong>23 aceitaram, seis recusaram e oito ainda analisam<\/strong><\/p>\n\n\n\n<p>Cerca de 60 pa\u00edses foram convidados. At\u00e9 o momento, 23 aceitaram, seis recusaram e oito ainda analisam o convite. O Canad\u00e1 foi o \u00fanico pa\u00eds que teve o convite cancelado por decis\u00e3o direta de Trump, ap\u00f3s troca de cr\u00edticas com o primeiro-ministro Mark Carney durante o F\u00f3rum Econ\u00f4mico Mundial.<\/p>\n\n\n\n<p><strong>Pa\u00edses que aceitaram<\/strong><\/p>\n\n\n\n<ul class=\"wp-block-list\">\n<li>Arm\u00eania<\/li>\n\n\n\n<li>Ar\u00e1bia Saudita<\/li>\n\n\n\n<li>Argentina<\/li>\n\n\n\n<li>Azerbaij\u00e3o<\/li>\n\n\n\n<li>Bahrein<\/li>\n\n\n\n<li>Belarus<\/li>\n\n\n\n<li>Bulg\u00e1ria<\/li>\n\n\n\n<li>Catar<\/li>\n\n\n\n<li>Cazaquist\u00e3o<\/li>\n\n\n\n<li>Egito<\/li>\n\n\n\n<li>Emirados \u00c1rabes Unidos<\/li>\n\n\n\n<li>Hungria<\/li>\n\n\n\n<li>Indon\u00e9sia<\/li>\n\n\n\n<li>Israel<\/li>\n\n\n\n<li>Jord\u00e2nia<\/li>\n\n\n\n<li>Kosovo<\/li>\n\n\n\n<li>Marrocos<\/li>\n\n\n\n<li>Mong\u00f3lia<\/li>\n\n\n\n<li>Paquist\u00e3o<\/li>\n\n\n\n<li>Paraguai<\/li>\n\n\n\n<li>Turquia<\/li>\n\n\n\n<li>Uzbequist\u00e3o<\/li>\n\n\n\n<li>Vietn\u00e3<\/li>\n<\/ul>\n\n\n\n<p><strong>Pa\u00edses que recusaram<\/strong><\/p>\n\n\n\n<ul class=\"wp-block-list\">\n<li>Fran\u00e7a<\/li>\n\n\n\n<li>Noruega<\/li>\n\n\n\n<li>Eslov\u00eania<\/li>\n\n\n\n<li>Su\u00e9cia<\/li>\n\n\n\n<li>Espanha<\/li>\n\n\n\n<li>Alemanha<\/li>\n<\/ul>\n\n\n\n<p><strong>Pa\u00edses que est\u00e3o analisando<\/strong><\/p>\n\n\n\n<ul class=\"wp-block-list\">\n<li>Brasil<\/li>\n\n\n\n<li>Reino Unido<\/li>\n\n\n\n<li>China<\/li>\n\n\n\n<li>Cro\u00e1cia<\/li>\n\n\n\n<li>It\u00e1lia<\/li>\n\n\n\n<li>R\u00fassia<\/li>\n\n\n\n<li>Singapura<\/li>\n\n\n\n<li>Ucr\u00e2nia<\/li>\n<\/ul>\n\n\n\n<p>Desde o an\u00fancio, diplomatas alertam que o novo conselho pode enfraquecer a ONU. Segundo o estatuto obtido pela Reuters, Trump ter\u00e1 mandato vital\u00edcio como presidente do \u00f3rg\u00e3o. Pa\u00edses interessados em assento permanente dever\u00e3o pagar US$ 1 bilh\u00e3o, valor que ser\u00e1 administrado pelo pr\u00f3prio Trump.<\/p>\n\n\n\n<p><strong>Posi\u00e7\u00e3o do Brasil<\/strong><\/p>\n\n\n\n<p>Nesta sexta-feira (23), o presidente Luiz In\u00e1cio Lula da Silva criticou a iniciativa e afirmou que o mundo vive um momento pol\u00edtico \u201cmuito cr\u00edtico\u201d, com a Carta da ONU sendo desrespeitada.<\/p>\n\n\n\n<p>\u201cEm vez de corrigir a ONU, o presidente Trump est\u00e1 propondo criar uma nova ONU, como se fosse dono dela\u201d, afirmou Lula.<\/p>\n\n\n\n<p>O governo brasileiro n\u00e3o pretende responder imediatamente ao convite. A estrat\u00e9gia \u00e9 solicitar esclarecimentos t\u00e9cnicos e jur\u00eddicos sobre o funcionamento do conselho. O tema ser\u00e1 usado como argumento para defender uma reforma do Conselho de Seguran\u00e7a da ONU durante a Assembleia Geral, em setembro.<\/p>\n\n\n\n<p>Segundo diplomatas, o Brasil pretende mobilizar outros pa\u00edses para pressionar por mudan\u00e7as no sistema multilateral e alertar que, sem reforma, o mundo tende a ser governado por modelos unilaterais como o proposto por Trump.<\/p>\n\n\n\n<p>Para integrantes da diplomacia, o plano do presidente americano exp\u00f5e a fragilidade do atual sistema internacional, sobretudo diante da incapacidade do Conselho de Seguran\u00e7a de lidar com crises como a de Gaza.<\/p>\n","protected":false},"excerpt":{"rendered":"<p>O presidente dos Estados Unidos, Donald Trump, anunciou na quinta-feira (22) a cria\u00e7\u00e3o do chamado \u201cConselho da Paz\u201d, iniciativa voltada \u00e0 manuten\u00e7\u00e3o da paz e \u00e0 reconstru\u00e7\u00e3o da Faixa de Gaza, com possibilidade de atua\u00e7\u00e3o em outros conflitos no futuro. 23 aceitaram, seis recusaram e oito ainda analisam Cerca de 60 pa\u00edses foram convidados. At\u00e9&#8230;<\/p>\n","protected":false},"author":1,"featured_media":8729,"comment_status":"open","ping_status":"closed","sticky":false,"template":"","format":"standard","meta":{"footnotes":""},"categories":[2],"tags":[],"class_list":["post-8728","post","type-post","status-publish","format-standard","has-post-thumbnail","hentry","category-internacional"],"_links":{"self":[{"href":"https:\/\/cafecommessias.com.br\/index.php?rest_route=\/wp\/v2\/posts\/8728","targetHints":{"allow":["GET"]}}],"collection":[{"href":"https:\/\/cafecommessias.com.br\/index.php?rest_route=\/wp\/v2\/posts"}],"about":[{"href":"https:\/\/cafecommessias.com.br\/index.php?rest_route=\/wp\/v2\/types\/post"}],"author":[{"embeddable":true,"href":"https:\/\/cafecommessias.com.br\/index.php?rest_route=\/wp\/v2\/users\/1"}],"replies":[{"embeddable":true,"href":"https:\/\/cafecommessias.com.br\/index.php?rest_route=%2Fwp%2Fv2%2Fcomments&post=8728"}],"version-history":[{"count":1,"href":"https:\/\/cafecommessias.com.br\/index.php?rest_route=\/wp\/v2\/posts\/8728\/revisions"}],"predecessor-version":[{"id":8730,"href":"https:\/\/cafecommessias.com.br\/index.php?rest_route=\/wp\/v2\/posts\/8728\/revisions\/8730"}],"wp:featuredmedia":[{"embeddable":true,"href":"https:\/\/cafecommessias.com.br\/index.php?rest_route=\/wp\/v2\/media\/8729"}],"wp:attachment":[{"href":"https:\/\/cafecommessias.com.br\/index.php?rest_route=%2Fwp%2Fv2%2Fmedia&parent=8728"}],"wp:term":[{"taxonomy":"category","embeddable":true,"href":"https:\/\/cafecommessias.com.br\/index.php?rest_route=%2Fwp%2Fv2%2Fcategories&post=8728"},{"taxonomy":"post_tag","embeddable":true,"href":"https:\/\/cafecommessias.com.br\/index.php?rest_route=%2Fwp%2Fv2%2Ftags&post=8728"}],"curies":[{"name":"wp","href":"https:\/\/api.w.org\/{rel}","templated":true}]}}