{"id":8738,"date":"2026-01-24T09:51:41","date_gmt":"2026-01-24T12:51:41","guid":{"rendered":"https:\/\/cafecommessias.com.br\/?p=8738"},"modified":"2026-01-24T09:51:59","modified_gmt":"2026-01-24T12:51:59","slug":"com-eleicao-no-radar-lula-injeta-r-178-bilhoes-no-minha-casa-minha-vida-em-2026","status":"publish","type":"post","link":"https:\/\/cafecommessias.com.br\/?p=8738","title":{"rendered":"Com elei\u00e7\u00e3o no radar, Lula injeta R$ 178 bilh\u00f5es no Minha Casa Minha Vida em 2026"},"content":{"rendered":"\n<p>De olho na reelei\u00e7\u00e3o, o governo do presidente Luiz In\u00e1cio Lula da Silva (PT) decidiu turbinar os recursos do programa Minha Casa Minha Vida em 2026, ano de elei\u00e7\u00e3o presidencial. A previs\u00e3o \u00e9 de investimentos da ordem de R$ 178 bilh\u00f5es, consolidando o programa como principal vitrine social da gest\u00e3o. Do total, R$ 8,56 bilh\u00f5es vir\u00e3o do Or\u00e7amento Geral da Uni\u00e3o, R$ 24,76 bilh\u00f5es do Fundo Social e R$ 144,5 bilh\u00f5es do FGTS.<\/p>\n\n\n\n<p>Desde que foi retomado em 2023, o Minha Casa Minha Vida passou a receber aportes crescentes. No primeiro ano do atual mandato, o volume chegou a R$ 111,1 bilh\u00f5es; em 2024, subiu para R$ 145,6 bilh\u00f5es; e, em 2025, ultrapassou a marca de R$ 180 bilh\u00f5es. A escalada de recursos refor\u00e7a o papel estrat\u00e9gico do programa para o governo, tanto no enfrentamento do d\u00e9ficit habitacional quanto na movimenta\u00e7\u00e3o da constru\u00e7\u00e3o civil e gera\u00e7\u00e3o de empregos.<\/p>\n\n\n\n<p>Nos quatro anos do governo Jair Bolsonaro (PL), quando o MCMV foi substitu\u00eddo pelo Casa Verde e Amarela, os investimentos somaram cerca de R$ 186 bilh\u00f5es \u2014 praticamente o mesmo volume que o governo Lula projeta aplicar em apenas um ano. Na pr\u00e1tica, o programa enfrentou restri\u00e7\u00f5es or\u00e7ament\u00e1rias severas e chegou a sofrer cortes de at\u00e9 95% no fim do mandato anterior, reduzindo drasticamente novas contrata\u00e7\u00f5es.<\/p>\n\n\n\n<p>Al\u00e9m do refor\u00e7o no MCMV, o governo lan\u00e7ou o programa Reforma Casa Brasil, com R$ 30 bilh\u00f5es do Fundo Social para financiar melhorias em im\u00f3veis j\u00e1 existentes, e criou uma nova faixa voltada \u00e0 classe m\u00e9dia, com financiamento de at\u00e9 R$ 2,25 milh\u00f5es e juros abaixo da Selic. O pacote amplia o alcance social e eleitoral da pol\u00edtica habitacional, recolocando o Minha Casa Minha Vida como um dos principais trunfos de Lula na disputa de 2026.<\/p>\n\n\n\n<p><em><sub>Por Metr\u00f3poles<\/sub><\/em><\/p>\n\n\n\n<p><\/p>\n","protected":false},"excerpt":{"rendered":"<p>De olho na reelei\u00e7\u00e3o, o governo do presidente Luiz In\u00e1cio Lula da Silva (PT) decidiu turbinar os recursos do programa Minha Casa Minha Vida em 2026, ano de elei\u00e7\u00e3o presidencial. A previs\u00e3o \u00e9 de investimentos da ordem de R$ 178 bilh\u00f5es, consolidando o programa como principal vitrine social da gest\u00e3o. Do total, R$ 8,56 bilh\u00f5es&#8230;<\/p>\n","protected":false},"author":1,"featured_media":8739,"comment_status":"open","ping_status":"closed","sticky":false,"template":"","format":"standard","meta":{"footnotes":""},"categories":[6],"tags":[],"class_list":["post-8738","post","type-post","status-publish","format-standard","has-post-thumbnail","hentry","category-politica"],"_links":{"self":[{"href":"https:\/\/cafecommessias.com.br\/index.php?rest_route=\/wp\/v2\/posts\/8738","targetHints":{"allow":["GET"]}}],"collection":[{"href":"https:\/\/cafecommessias.com.br\/index.php?rest_route=\/wp\/v2\/posts"}],"about":[{"href":"https:\/\/cafecommessias.com.br\/index.php?rest_route=\/wp\/v2\/types\/post"}],"author":[{"embeddable":true,"href":"https:\/\/cafecommessias.com.br\/index.php?rest_route=\/wp\/v2\/users\/1"}],"replies":[{"embeddable":true,"href":"https:\/\/cafecommessias.com.br\/index.php?rest_route=%2Fwp%2Fv2%2Fcomments&post=8738"}],"version-history":[{"count":1,"href":"https:\/\/cafecommessias.com.br\/index.php?rest_route=\/wp\/v2\/posts\/8738\/revisions"}],"predecessor-version":[{"id":8740,"href":"https:\/\/cafecommessias.com.br\/index.php?rest_route=\/wp\/v2\/posts\/8738\/revisions\/8740"}],"wp:featuredmedia":[{"embeddable":true,"href":"https:\/\/cafecommessias.com.br\/index.php?rest_route=\/wp\/v2\/media\/8739"}],"wp:attachment":[{"href":"https:\/\/cafecommessias.com.br\/index.php?rest_route=%2Fwp%2Fv2%2Fmedia&parent=8738"}],"wp:term":[{"taxonomy":"category","embeddable":true,"href":"https:\/\/cafecommessias.com.br\/index.php?rest_route=%2Fwp%2Fv2%2Fcategories&post=8738"},{"taxonomy":"post_tag","embeddable":true,"href":"https:\/\/cafecommessias.com.br\/index.php?rest_route=%2Fwp%2Fv2%2Ftags&post=8738"}],"curies":[{"name":"wp","href":"https:\/\/api.w.org\/{rel}","templated":true}]}}