{"id":8756,"date":"2026-01-24T16:40:24","date_gmt":"2026-01-24T19:40:24","guid":{"rendered":"https:\/\/cafecommessias.com.br\/?p=8756"},"modified":"2026-01-24T16:40:38","modified_gmt":"2026-01-24T19:40:38","slug":"video-multidao-se-junta-a-nikolas-ferreira-em-caminhada-ate-brasilia","status":"publish","type":"post","link":"https:\/\/cafecommessias.com.br\/?p=8756","title":{"rendered":"V\u00cdDEO: Multid\u00e3o se junta a Nikolas Ferreira em caminhada at\u00e9 Bras\u00edlia"},"content":{"rendered":"\n<p>Milhares de pessoas t\u00eam se somado, ao longo dos \u00faltimos dias, \u00e0 caminhada liderada pelo deputado federal Nikolas Ferreira (PL-MG), que segue para uma manifesta\u00e7\u00e3o final na Pra\u00e7a do Cruzeiro, localizada no Eixo Monumental de Bras\u00edlia, mas distante 6 quil\u00f4metros da Pra\u00e7a dos Tr\u00eas Poderes.<\/p>\n\n\n\n<figure class=\"wp-block-embed is-type-rich is-provider-twitter wp-block-embed-twitter\"><div class=\"wp-block-embed__wrapper\">\n<blockquote class=\"twitter-tweet\" data-width=\"550\" data-dnt=\"true\"><p lang=\"pt\" dir=\"ltr\">V\u00cdDEO: Multid\u00e3o se junta a Nikolas Ferreira em caminhada at\u00e9 Bras\u00edlia. <a href=\"https:\/\/t.co\/ypPw7rs6Fj\">https:\/\/t.co\/ypPw7rs6Fj<\/a> <a href=\"https:\/\/t.co\/R0SKuVBzig\">pic.twitter.com\/R0SKuVBzig<\/a><\/p>&mdash; BLOGDOBG (@BlogdoBG) <a href=\"https:\/\/twitter.com\/BlogdoBG\/status\/2015140118693105683?ref_src=twsrc%5Etfw\">January 24, 2026<\/a><\/blockquote><script async src=\"https:\/\/platform.twitter.com\/widgets.js\" charset=\"utf-8\"><\/script>\n<\/div><\/figure>\n\n\n\n<p>O movimento, que chega ao pen\u00faltimo dia neste s\u00e1bado, 24, ganhou for\u00e7a nas redes sociais e passou a atrair apoiadores de diferentes regi\u00f5es do pa\u00eds. A caminhada convocada por Nikolas tem sido tratada por aliados como um ato simb\u00f3lico de mobiliza\u00e7\u00e3o da direita, com discursos em defesa de \u201cliberdade\u201d, \u201cjusti\u00e7a\u201d, libera\u00e7\u00e3o do ex-presidente Jair Bolsonaro (PL) da pris\u00e3o e cr\u00edticas ao governo Lula.<\/p>\n\n\n\n<p>Mais cedo, Nikolas afirmou que foram identificadas tentativas de infiltra\u00e7\u00e3o durante o trajeto. Segundo o deputado, pessoas ligadas ao PT teriam tentado se misturar ao grupo com itens como bandeiras e equipamentos, o que levou a orienta\u00e7\u00f5es para que os manifestantes mantivessem organiza\u00e7\u00e3o e seguissem as recomenda\u00e7\u00f5es das for\u00e7as de seguran\u00e7a.<\/p>\n\n\n\n<p>Segundo o deputado, haveria registros dessas pessoas comprando itens que, na avalia\u00e7\u00e3o dele, seriam usados para simular participa\u00e7\u00e3o no ato: \u201cTem v\u00eddeo deles comprando coisas, comprando pilha para o megafone, uma bandeirinha do Brasil, para poder fingir que era um dos nossos\u201d.<\/p>\n\n\n\n<p><em><sub>Por Revista Oeste<\/sub><\/em><\/p>\n\n\n\n<p><\/p>\n","protected":false},"excerpt":{"rendered":"<p>Milhares de pessoas t\u00eam se somado, ao longo dos \u00faltimos dias, \u00e0 caminhada liderada pelo deputado federal Nikolas Ferreira (PL-MG), que segue para uma manifesta\u00e7\u00e3o final na Pra\u00e7a do Cruzeiro, localizada no Eixo Monumental de Bras\u00edlia, mas distante 6 quil\u00f4metros da Pra\u00e7a dos Tr\u00eas Poderes. O movimento, que chega ao pen\u00faltimo dia neste s\u00e1bado, 24,&#8230;<\/p>\n","protected":false},"author":1,"featured_media":8757,"comment_status":"open","ping_status":"closed","sticky":false,"template":"","format":"standard","meta":{"footnotes":""},"categories":[37],"tags":[],"class_list":["post-8756","post","type-post","status-publish","format-standard","has-post-thumbnail","hentry","category-brasil"],"_links":{"self":[{"href":"https:\/\/cafecommessias.com.br\/index.php?rest_route=\/wp\/v2\/posts\/8756","targetHints":{"allow":["GET"]}}],"collection":[{"href":"https:\/\/cafecommessias.com.br\/index.php?rest_route=\/wp\/v2\/posts"}],"about":[{"href":"https:\/\/cafecommessias.com.br\/index.php?rest_route=\/wp\/v2\/types\/post"}],"author":[{"embeddable":true,"href":"https:\/\/cafecommessias.com.br\/index.php?rest_route=\/wp\/v2\/users\/1"}],"replies":[{"embeddable":true,"href":"https:\/\/cafecommessias.com.br\/index.php?rest_route=%2Fwp%2Fv2%2Fcomments&post=8756"}],"version-history":[{"count":1,"href":"https:\/\/cafecommessias.com.br\/index.php?rest_route=\/wp\/v2\/posts\/8756\/revisions"}],"predecessor-version":[{"id":8758,"href":"https:\/\/cafecommessias.com.br\/index.php?rest_route=\/wp\/v2\/posts\/8756\/revisions\/8758"}],"wp:featuredmedia":[{"embeddable":true,"href":"https:\/\/cafecommessias.com.br\/index.php?rest_route=\/wp\/v2\/media\/8757"}],"wp:attachment":[{"href":"https:\/\/cafecommessias.com.br\/index.php?rest_route=%2Fwp%2Fv2%2Fmedia&parent=8756"}],"wp:term":[{"taxonomy":"category","embeddable":true,"href":"https:\/\/cafecommessias.com.br\/index.php?rest_route=%2Fwp%2Fv2%2Fcategories&post=8756"},{"taxonomy":"post_tag","embeddable":true,"href":"https:\/\/cafecommessias.com.br\/index.php?rest_route=%2Fwp%2Fv2%2Ftags&post=8756"}],"curies":[{"name":"wp","href":"https:\/\/api.w.org\/{rel}","templated":true}]}}