{"id":8774,"date":"2026-01-26T06:20:27","date_gmt":"2026-01-26T09:20:27","guid":{"rendered":"https:\/\/cafecommessias.com.br\/?p=8774"},"modified":"2026-01-26T06:20:39","modified_gmt":"2026-01-26T09:20:39","slug":"idoso-perde-controle-do-veiculo-apos-bater-em-barricada-de-protecao-em-guamare","status":"publish","type":"post","link":"https:\/\/cafecommessias.com.br\/?p=8774","title":{"rendered":"Idoso perde controle do ve\u00edculo ap\u00f3s bater em barricada de prote\u00e7\u00e3o em Guamar\u00e9"},"content":{"rendered":"\n<p>Um acidente de tr\u00e2nsito foi registrado nas primeiras horas da manh\u00e3 neste final de semana na Rua Monsenhor Jos\u00e9 Tib\u00farcio, em Guamar\u00e9. A ocorr\u00eancia foi atendida pela Guarda Municipal.<\/p>\n\n\n\n<p>De acordo com as informa\u00e7\u00f5es, um ve\u00edculo conduzido por um homem de 63 anos colidiu com uma barricada de prote\u00e7\u00e3o instalada na lateral da via, em frente \u00e0 Pousada Ouro Negro. Ap\u00f3s o impacto, o carro acabou capotando.<\/p>\n\n\n\n<p>Apesar da gravidade da situa\u00e7\u00e3o, o acidente resultou apenas em danos materiais. O condutor foi prontamente atendido por uma equipe m\u00e9dica ainda no local e, felizmente, encontrava-se bem, consciente e fora de perigo.<\/p>\n\n\n\n<p>A Guarda Municipal realizou a sinaliza\u00e7\u00e3o da \u00e1rea e fez a retirada do ve\u00edculo da pista de rolamento, posicionando-o no canteiro, com o objetivo de evitar novos acidentes e garantir a seguran\u00e7a vi\u00e1ria, al\u00e9m da fluidez do tr\u00e2nsito no local.<\/p>\n\n\n\n<p><em><sub>Com informa\u00e7\u00f5es da\u00a0<a href=\"https:\/\/www.instagram.com\/secretaria_de_seguranca_gmr\/\"><\/a>secretaria_de_seguranca_gmr<\/sub><\/em><\/p>\n\n\n\n<p><\/p>\n","protected":false},"excerpt":{"rendered":"<p>Um acidente de tr\u00e2nsito foi registrado nas primeiras horas da manh\u00e3 neste final de semana na Rua Monsenhor Jos\u00e9 Tib\u00farcio, em Guamar\u00e9. A ocorr\u00eancia foi atendida pela Guarda Municipal. De acordo com as informa\u00e7\u00f5es, um ve\u00edculo conduzido por um homem de 63 anos colidiu com uma barricada de prote\u00e7\u00e3o instalada na lateral da via, em&#8230;<\/p>\n","protected":false},"author":1,"featured_media":8775,"comment_status":"open","ping_status":"closed","sticky":false,"template":"","format":"standard","meta":{"footnotes":""},"categories":[9],"tags":[],"class_list":["post-8774","post","type-post","status-publish","format-standard","has-post-thumbnail","hentry","category-acidente"],"_links":{"self":[{"href":"https:\/\/cafecommessias.com.br\/index.php?rest_route=\/wp\/v2\/posts\/8774","targetHints":{"allow":["GET"]}}],"collection":[{"href":"https:\/\/cafecommessias.com.br\/index.php?rest_route=\/wp\/v2\/posts"}],"about":[{"href":"https:\/\/cafecommessias.com.br\/index.php?rest_route=\/wp\/v2\/types\/post"}],"author":[{"embeddable":true,"href":"https:\/\/cafecommessias.com.br\/index.php?rest_route=\/wp\/v2\/users\/1"}],"replies":[{"embeddable":true,"href":"https:\/\/cafecommessias.com.br\/index.php?rest_route=%2Fwp%2Fv2%2Fcomments&post=8774"}],"version-history":[{"count":1,"href":"https:\/\/cafecommessias.com.br\/index.php?rest_route=\/wp\/v2\/posts\/8774\/revisions"}],"predecessor-version":[{"id":8776,"href":"https:\/\/cafecommessias.com.br\/index.php?rest_route=\/wp\/v2\/posts\/8774\/revisions\/8776"}],"wp:featuredmedia":[{"embeddable":true,"href":"https:\/\/cafecommessias.com.br\/index.php?rest_route=\/wp\/v2\/media\/8775"}],"wp:attachment":[{"href":"https:\/\/cafecommessias.com.br\/index.php?rest_route=%2Fwp%2Fv2%2Fmedia&parent=8774"}],"wp:term":[{"taxonomy":"category","embeddable":true,"href":"https:\/\/cafecommessias.com.br\/index.php?rest_route=%2Fwp%2Fv2%2Fcategories&post=8774"},{"taxonomy":"post_tag","embeddable":true,"href":"https:\/\/cafecommessias.com.br\/index.php?rest_route=%2Fwp%2Fv2%2Ftags&post=8774"}],"curies":[{"name":"wp","href":"https:\/\/api.w.org\/{rel}","templated":true}]}}