{"id":879,"date":"2025-07-18T06:06:07","date_gmt":"2025-07-18T09:06:07","guid":{"rendered":"https:\/\/cafecommessias.com.br\/?p=879"},"modified":"2025-07-18T15:57:06","modified_gmt":"2025-07-18T18:57:06","slug":"menina-de-12-anos-gravida-morre-durante-parto-em-mg-bebe-sobrevive","status":"publish","type":"post","link":"https:\/\/cafecommessias.com.br\/?p=879","title":{"rendered":"Menina de 12 anos gr\u00e1vida morre durante parto em MG; beb\u00ea sobrevive"},"content":{"rendered":"\n<p>Uma menina de 12 anos gr\u00e1vida de oito meses, morreu durante um parto de emerg\u00eancia no \u00faltimo domingo 13 em Betim, na Regi\u00e3o Metropolitana de Belo Horizonte. O beb\u00ea sobreviveu e est\u00e1 internado em estado est\u00e1vel, segundo a prefeitura.<\/p>\n\n\n\n<p>A adolescente fazia parte de uma comunidade ind\u00edgena venezuelana que vive na cidade. A Pol\u00edcia Civil abriu um inqu\u00e9rito para apurar o caso, que \u00e9 investigado como estupro de vulner\u00e1vel. O nome do pai da crian\u00e7a n\u00e3o foi divulgado.<\/p>\n\n\n\n<p>De acordo com a Secretaria Municipal de Sa\u00fade, a menina procurou atendimento pela primeira vez na rede p\u00fablica no dia 10 de julho, em uma Unidade B\u00e1sica de Sa\u00fade (UBS). Estava acompanhada da m\u00e3e e da tia, mas se recusou a responder \u00e0s perguntas da equipe m\u00e9dica. A tia informou que ela sentia enjoo. A menina foi medicada, e os exames de pr\u00e9-natal foram agendados para segunda-feira 14.<\/p>\n\n\n\n<p>Na sexta-feira 11, a adolescente voltou acompanhada dos pais e deu entrada no Centro Materno-Infantil em estado grave. Ela foi levada para o CTI (Centro de Terapia Intensiva) e morreu na madrugada de domingo 13. Segundo a prefeitura, a causa foi choque refrat\u00e1rio, quando o corpo n\u00e3o responde aos tratamentos.<\/p>\n\n\n\n<p>A gest\u00e3o municipal informou que acionou o Conselho Tutelar e o Minist\u00e9rio P\u00fablico e ofereceu atendimento psicol\u00f3gico \u00e0 fam\u00edlia.<\/p>\n\n\n\n<p>A Promotoria disse que acompanha o caso e aguarda a conclus\u00e3o do inqu\u00e9rito para definir provid\u00eancias. O Conselho Tutelar foi procurado, mas n\u00e3o respondeu at\u00e9 a publica\u00e7\u00e3o desta reportagem.<\/p>\n\n\n\n<p><sub>Reda\u00e7\u00e3o<\/sub><\/p>\n","protected":false},"excerpt":{"rendered":"<p>Uma menina de 12 anos gr\u00e1vida de oito meses, morreu durante um parto de emerg\u00eancia no \u00faltimo domingo 13 em Betim, na Regi\u00e3o Metropolitana de Belo Horizonte. O beb\u00ea sobreviveu e est\u00e1 internado em estado est\u00e1vel, segundo a prefeitura. A adolescente fazia parte de uma comunidade ind\u00edgena venezuelana que vive na cidade. A Pol\u00edcia Civil&#8230;<\/p>\n","protected":false},"author":1,"featured_media":880,"comment_status":"open","ping_status":"open","sticky":false,"template":"","format":"standard","meta":{"footnotes":""},"categories":[1],"tags":[],"class_list":["post-879","post","type-post","status-publish","format-standard","has-post-thumbnail","hentry","category-saude"],"_links":{"self":[{"href":"https:\/\/cafecommessias.com.br\/index.php?rest_route=\/wp\/v2\/posts\/879","targetHints":{"allow":["GET"]}}],"collection":[{"href":"https:\/\/cafecommessias.com.br\/index.php?rest_route=\/wp\/v2\/posts"}],"about":[{"href":"https:\/\/cafecommessias.com.br\/index.php?rest_route=\/wp\/v2\/types\/post"}],"author":[{"embeddable":true,"href":"https:\/\/cafecommessias.com.br\/index.php?rest_route=\/wp\/v2\/users\/1"}],"replies":[{"embeddable":true,"href":"https:\/\/cafecommessias.com.br\/index.php?rest_route=%2Fwp%2Fv2%2Fcomments&post=879"}],"version-history":[{"count":1,"href":"https:\/\/cafecommessias.com.br\/index.php?rest_route=\/wp\/v2\/posts\/879\/revisions"}],"predecessor-version":[{"id":881,"href":"https:\/\/cafecommessias.com.br\/index.php?rest_route=\/wp\/v2\/posts\/879\/revisions\/881"}],"wp:featuredmedia":[{"embeddable":true,"href":"https:\/\/cafecommessias.com.br\/index.php?rest_route=\/wp\/v2\/media\/880"}],"wp:attachment":[{"href":"https:\/\/cafecommessias.com.br\/index.php?rest_route=%2Fwp%2Fv2%2Fmedia&parent=879"}],"wp:term":[{"taxonomy":"category","embeddable":true,"href":"https:\/\/cafecommessias.com.br\/index.php?rest_route=%2Fwp%2Fv2%2Fcategories&post=879"},{"taxonomy":"post_tag","embeddable":true,"href":"https:\/\/cafecommessias.com.br\/index.php?rest_route=%2Fwp%2Fv2%2Ftags&post=879"}],"curies":[{"name":"wp","href":"https:\/\/api.w.org\/{rel}","templated":true}]}}