{"id":8847,"date":"2026-01-28T11:52:06","date_gmt":"2026-01-28T14:52:06","guid":{"rendered":"https:\/\/cafecommessias.com.br\/?p=8847"},"modified":"2026-01-28T11:52:07","modified_gmt":"2026-01-28T14:52:07","slug":"virus-nipah-paises-asiaticos-retomam-protocolos-de-pandemia-em-aeroportos","status":"publish","type":"post","link":"https:\/\/cafecommessias.com.br\/?p=8847","title":{"rendered":"V\u00edrus Nipah: Pa\u00edses asi\u00e1ticos retomam protocolos de pandemia em aeroportos"},"content":{"rendered":"\n<p>Tail\u00e2ndia, Nepal e Taiwan voltaram a adotar medidas rigorosas de verifica\u00e7\u00e3o de sa\u00fade em aeroportos ap\u00f3s confirma\u00e7\u00e3o de cinco casos do v\u00edrus em Bengala Ocidental<\/p>\n\n\n\n<p>Aeroportos em pa\u00edses asi\u00e1ticos refor\u00e7aram medidas de prote\u00e7\u00e3o sanit\u00e1ria ap\u00f3s a confirma\u00e7\u00e3o de cinco casos do\u00a0<strong>v\u00edrus Nipah<\/strong>\u00a0na \u00cdndia. Tail\u00e2ndia, Nepal e Taiwan retomaram protocolos rigorosos de verifica\u00e7\u00e3o de sa\u00fade, semelhantes aos que foram adotados durante a\u00a0<strong>pandemia de Covid-19<\/strong>.<\/p>\n\n\n\n<p>De acordo com a emissora News 18, afiliada da&nbsp;<strong>CNN<\/strong>&nbsp;na \u00cdndia, os casos foram diagnosticados em profissionais de sa\u00fade na regi\u00e3o de Bengala Ocidental. As autoridades de sa\u00fade indianas buscam acalmar a popula\u00e7\u00e3o, afirmando que a situa\u00e7\u00e3o est\u00e1 sob controle.<\/p>\n\n\n\n<p>O\u00a0v\u00edrus Nipah, descoberto em 1999, j\u00e1 foi identificado outras vezes no sudeste da \u00c1sia. A doen\u00e7a causa preocupa\u00e7\u00e3o devido \u00e0 sua alta letalidade e capacidade de transmiss\u00e3o entre humanos, o que justifica as medidas preventivas adotadas pelos pa\u00edses vizinhos.<\/p>\n\n\n\n<figure class=\"wp-block-gallery has-nested-images columns-default is-cropped wp-block-gallery-1 is-layout-flex wp-block-gallery-is-layout-flex\">\n<figure class=\"wp-block-image size-full\"><img loading=\"lazy\" decoding=\"async\" width=\"299\" height=\"168\" data-id=\"8848\" src=\"https:\/\/cafecommessias.com.br\/wp-content\/uploads\/2026\/01\/download-3-3.jpg\" alt=\"\" class=\"wp-image-8848\"\/><\/figure>\n<\/figure>\n\n\n\n<h3 class=\"wp-block-heading\">Riscos para o Brasil<\/h3>\n\n\n\n<p>A infectologista\u00a0<strong>Rosana Ritchmann<\/strong>\u00a0avaliou os riscos do v\u00edrus Nipah para o Brasil e destacou que\u00a0n\u00e3o h\u00e1 motivo para preocupa\u00e7\u00e3o entre os cidad\u00e3os brasileiros, a menos que estejam se deslocando para a regi\u00e3o afetada. &#8220;N\u00e3o tem nenhum motivo para a gente ficar preocupado aqui. Se algu\u00e9m agora tiver quadro respirat\u00f3rio, com tosse, dor de cabe\u00e7a, n\u00e3o tem nada a ver com esse v\u00edrus&#8221;, afirmou.<\/p>\n\n\n\n<p>No entanto, a especialista ressaltou a import\u00e2ncia de as autoridades sanit\u00e1rias brasileiras come\u00e7arem a\u00a0planejar medidas preventivas. &#8220;\u00c9 uma quest\u00e3o das nossas autoridades sanit\u00e1rias j\u00e1 come\u00e7arem a pensar, eventualmente, se tiver alguma suspeita cl\u00ednica de algu\u00e9m que viajou, retornou dessa regi\u00e3o, como vamos manejar esse caso?&#8221;, questionou.<\/p>\n\n\n\n<p>Segundo Ritchmann, \u00e9 necess\u00e1rio estabelecer um programa de enfrentamento que inclua medidas de&nbsp;<strong>isolamento<\/strong>, per\u00edodo de<strong>&nbsp;incuba\u00e7\u00e3o<\/strong>, manejo de contatos e outras a\u00e7\u00f5es caso surja alguma suspeita de infec\u00e7\u00e3o pelo v\u00edrus Nipah no Brasil.<\/p>\n\n\n\n<p><sub>por CNN Brasil<\/sub><\/p>\n\n\n<div class=\"wp-block-post-author\"><div class=\"wp-block-post-author__avatar\"><img alt='' src='https:\/\/secure.gravatar.com\/avatar\/a62bcf199877d37056dc55ccc32b6decbd05abb46ce616ef4c38b16491e4d91d?s=48&#038;r=g' srcset='https:\/\/secure.gravatar.com\/avatar\/a62bcf199877d37056dc55ccc32b6decbd05abb46ce616ef4c38b16491e4d91d?s=96&#038;r=g 2x' class='avatar avatar-48 photo' height='48' width='48' \/><\/div><div class=\"wp-block-post-author__content\"><p class=\"wp-block-post-author__name\">Blogcafecommessias<\/p><\/div><\/div>","protected":false},"excerpt":{"rendered":"<p>Tail\u00e2ndia, Nepal e Taiwan voltaram a adotar medidas rigorosas de verifica\u00e7\u00e3o de sa\u00fade em aeroportos ap\u00f3s confirma\u00e7\u00e3o de cinco casos do v\u00edrus em Bengala Ocidental Aeroportos em pa\u00edses asi\u00e1ticos refor\u00e7aram medidas de prote\u00e7\u00e3o sanit\u00e1ria ap\u00f3s a confirma\u00e7\u00e3o de cinco casos do\u00a0v\u00edrus Nipah\u00a0na \u00cdndia. Tail\u00e2ndia, Nepal e Taiwan retomaram protocolos rigorosos de verifica\u00e7\u00e3o de sa\u00fade, semelhantes&#8230;<\/p>\n","protected":false},"author":1,"featured_media":8849,"comment_status":"open","ping_status":"open","sticky":false,"template":"","format":"standard","meta":{"footnotes":""},"categories":[1],"tags":[],"class_list":["post-8847","post","type-post","status-publish","format-standard","has-post-thumbnail","hentry","category-saude"],"_links":{"self":[{"href":"https:\/\/cafecommessias.com.br\/index.php?rest_route=\/wp\/v2\/posts\/8847","targetHints":{"allow":["GET"]}}],"collection":[{"href":"https:\/\/cafecommessias.com.br\/index.php?rest_route=\/wp\/v2\/posts"}],"about":[{"href":"https:\/\/cafecommessias.com.br\/index.php?rest_route=\/wp\/v2\/types\/post"}],"author":[{"embeddable":true,"href":"https:\/\/cafecommessias.com.br\/index.php?rest_route=\/wp\/v2\/users\/1"}],"replies":[{"embeddable":true,"href":"https:\/\/cafecommessias.com.br\/index.php?rest_route=%2Fwp%2Fv2%2Fcomments&post=8847"}],"version-history":[{"count":1,"href":"https:\/\/cafecommessias.com.br\/index.php?rest_route=\/wp\/v2\/posts\/8847\/revisions"}],"predecessor-version":[{"id":8850,"href":"https:\/\/cafecommessias.com.br\/index.php?rest_route=\/wp\/v2\/posts\/8847\/revisions\/8850"}],"wp:featuredmedia":[{"embeddable":true,"href":"https:\/\/cafecommessias.com.br\/index.php?rest_route=\/wp\/v2\/media\/8849"}],"wp:attachment":[{"href":"https:\/\/cafecommessias.com.br\/index.php?rest_route=%2Fwp%2Fv2%2Fmedia&parent=8847"}],"wp:term":[{"taxonomy":"category","embeddable":true,"href":"https:\/\/cafecommessias.com.br\/index.php?rest_route=%2Fwp%2Fv2%2Fcategories&post=8847"},{"taxonomy":"post_tag","embeddable":true,"href":"https:\/\/cafecommessias.com.br\/index.php?rest_route=%2Fwp%2Fv2%2Ftags&post=8847"}],"curies":[{"name":"wp","href":"https:\/\/api.w.org\/{rel}","templated":true}]}}