{"id":8854,"date":"2026-01-28T12:36:04","date_gmt":"2026-01-28T15:36:04","guid":{"rendered":"https:\/\/cafecommessias.com.br\/?p=8854"},"modified":"2026-01-28T12:36:05","modified_gmt":"2026-01-28T15:36:05","slug":"anvisa-discute-nesta-quarta-regras-para-a-producao-de-cannabis-no-pais","status":"publish","type":"post","link":"https:\/\/cafecommessias.com.br\/?p=8854","title":{"rendered":"Anvisa discute nesta quarta regras para a produ\u00e7\u00e3o de cannabis no pa\u00eds"},"content":{"rendered":"\n<p>Cinco estados brasileiros j\u00e1 t\u00eam leis que autorizam cultivo medicinal<\/p>\n\n\n\n<p>A diretoria colegiada da Ag\u00eancia Nacional de Vigil\u00e2ncia Sanit\u00e1ria (Anvisa) se re\u00fane nesta quarta-feira 28 para discutir a defini\u00e7\u00e3o de regras espec\u00edficas para a produ\u00e7\u00e3o da&nbsp;<em>cannabis<\/em>&nbsp;medicinal no Brasil.<img decoding=\"async\" src=\"https:\/\/agenciabrasil.ebc.com.br\/ebc.png?id=1676255&amp;o=node\" alt=\"Anvisa discute nesta quarta regras para a produ\u00e7\u00e3o de cannabis no pa\u00eds - Agora RN\"><img decoding=\"async\" src=\"https:\/\/agenciabrasil.ebc.com.br\/ebc.gif?id=1676255&amp;o=node\" alt=\"Anvisa discute nesta quarta regras para a produ\u00e7\u00e3o de cannabis no pa\u00eds - Agora RN\"><\/p>\n\n\n\n<p><strong>No encontro, agendado para as 9h30 na sede da ag\u00eancia, em Bras\u00edlia, os diretores v\u00e3o debater a revis\u00e3o da\u00a0Resolu\u00e7\u00e3o 327\/2019, que atualmente regula o acesso a produtos \u00e0 base de\u00a0<em>cannabis<\/em>.<\/strong><\/p>\n\n\n\n<p>A defini\u00e7\u00e3o de regras atende a&nbsp;uma decis\u00e3o do Superior Tribunal de Justi\u00e7a (STJ) que, em novembro de 2024, determinou a regulamenta\u00e7\u00e3o do plantio da&nbsp;<em>cannabis<\/em>, desde que voltado exclusivamente para fins medicinais e farmacol\u00f3gicos.<\/p>\n\n\n\n<h3 class=\"wp-block-heading\">Propostas<\/h3>\n\n\n\n<p>No in\u00edcio da semana, a Anvisa apresentou tr\u00eas propostas de resolu\u00e7\u00e3o&nbsp;diferentes que normatizam a produ\u00e7\u00e3o da&nbsp;<em>cannabis<\/em>&nbsp;medicinal,&nbsp;pesquisas cient\u00edficas com a planta e o trabalho de associa\u00e7\u00f5es de pacientes.<\/p>\n\n\n\n<p><strong>Em entrevista coletiva, o presidente da ag\u00eancia, Leandro Safatle, destacou que a demanda por produtos \u00e0 base de&nbsp;<em>cannabis<\/em>&nbsp;cresceu exponencialmente ao longo da \u00faltima d\u00e9cada no pa\u00eds.<\/strong><\/p>\n\n\n\n<blockquote class=\"wp-block-quote is-layout-flow wp-block-quote-is-layout-flow\">\n<p>\u201cNo Brasil, a evolu\u00e7\u00e3o do uso desses produtos tem sido registrada principalmente pelo aumento de importa\u00e7\u00f5es individuais. Entre 2015 e 2025, ou seja, nos \u00faltimos 10 anos, foram mais de 660 mil autoriza\u00e7\u00f5es individuais de importa\u00e7\u00f5es.\u201d<\/p>\n<\/blockquote>\n\n\n\n<p>\u201cA gente tem tamb\u00e9m, no Brasil, autorizados 49 produtos de 24 empresas, aprovados pela Anvisa, dispon\u00edveis em farm\u00e1cia. Cerca de 500 decis\u00f5es judiciais para plantio de pessoas f\u00edsicas ou jur\u00eddicas\u201d, completou.<\/p>\n\n\n\n<p><strong>Safatle destacou ainda que, atualmente, cinco estados brasileiros contam com leis que autorizam o cultivo de&nbsp;<em>cannabis&nbsp;<\/em>medicinal.<\/strong><\/p>\n\n\n\n<p>As normas propostas restringem a produ\u00e7\u00e3o de&nbsp;<em>cannabis<\/em>&nbsp;a pessoas jur\u00eddicas e exigem inspe\u00e7\u00e3o sanit\u00e1ria pr\u00e9via. Entre os requisitos de seguran\u00e7a est\u00e3o o monitoramento por c\u00e2meras 24 horas e o georreferenciamento das planta\u00e7\u00f5es.<\/p>\n\n\n\n<p><strong>Al\u00e9m disso, a autoriza\u00e7\u00e3o ser\u00e1 limitada a produtos com teor de THC igual ou inferior a 0,3%.<\/strong><\/p>\n\n\n\n<p>As medidas tamb\u00e9m abrem caminho para a produ\u00e7\u00e3o, sem fins lucrativos, por parte de associa\u00e7\u00f5es de pacientes. O objetivo \u00e9 avaliar a viabilidade da produ\u00e7\u00e3o em pequena escala, fora do modelo industrial, por meio&nbsp;de chamamento p\u00fablico.<\/p>\n\n\n\n<p>Durante a entrevista, o diretor da Anvisa Thiago Campos ressaltou o rigor t\u00e9cnico para a elabora\u00e7\u00e3o das resolu\u00e7\u00f5es, al\u00e9m do alinhamento com a decis\u00e3o do STJ e com diretrizes de \u00f3rg\u00e3os internacionais.<\/p>\n\n\n\n<blockquote class=\"wp-block-quote is-layout-flow wp-block-quote-is-layout-flow\">\n<p>\u201cAs medidas aqui definidas atendem aos requisitos de controle internacional, das condi\u00e7\u00f5es da Organiza\u00e7\u00e3o das Na\u00e7\u00f5es Unidas e da Junta Internacional de Fiscaliza\u00e7\u00e3o de Entorpecentes e est\u00e3o alinhadas \u00e0quilo que constou na decis\u00e3o judicial do STJ.\u201d<\/p>\n<\/blockquote>\n\n\n\n<p><strong>As propostas ser\u00e3o analisadas pelo colegiado. Se aprovadas, as resolu\u00e7\u00f5es entram em vigor na data da publica\u00e7\u00e3o e ter\u00e3o validade inicial de seis meses.<\/strong><\/p>\n\n\n\n<h3 class=\"wp-block-heading\">Entenda<\/h3>\n\n\n\n<p><strong>Em novembro de 2024, o STJ decidiu que a Lei das Drogas n\u00e3o alcan\u00e7a esp\u00e9cies de&nbsp;<em>cannabis<\/em>&nbsp;com concentra\u00e7\u00f5es muito baixas de tetrahidrocanabinol (THC), princ\u00edpio ativo da planta que causa efeitos entorpecentes.<\/strong><\/p>\n\n\n\n<p>\u00c0 \u00e9poca, os ministros concederam autoriza\u00e7\u00e3o a uma empresa que recorreu \u00e0 Corte para importar sementes de&nbsp;<em>cannabis<\/em>&nbsp;com baixo teor de THC e alto teor de canabidiol, composto que n\u00e3o possui efeitos entorpecentes, mas traz benef\u00edcios medicinais.<\/p>\n\n\n\n<p>Para que a decis\u00e3o pudesse ser cumprida, o tribunal determinou a regulamenta\u00e7\u00e3o da importa\u00e7\u00e3o de sementes, do cultivo e da industrializa\u00e7\u00e3o e comercializa\u00e7\u00e3o de esp\u00e9cies de&nbsp;<em>cannabis<\/em>&nbsp;com baixa concentra\u00e7\u00e3o de THC (menos de 0,3%).&nbsp;<\/p>\n\n\n\n<h3 class=\"wp-block-heading\">Prazo prorrogado<\/h3>\n\n\n\n<p>O&nbsp;prazo estabelecido&nbsp;para a defini\u00e7\u00e3o das regras, de seis meses, venceu em setembro de 2025, mas&nbsp;foi prorrogado&nbsp;em novembro do mesmo ano, ap\u00f3s pedido da Advocacia-Geral da Uni\u00e3o (AGU).<\/p>\n\n\n\n<p>Logo ap\u00f3s a prorroga\u00e7\u00e3o, a Anvisa informou j\u00e1 ter iniciado as a\u00e7\u00f5es necess\u00e1rias para o cumprimento da determina\u00e7\u00e3o, incluindo a coleta de contribui\u00e7\u00f5es da sociedade civil e a elabora\u00e7\u00e3o dos documentos t\u00e9cnicos e da minuta do ato regulat\u00f3rio.<\/p>\n\n\n\n<blockquote class=\"wp-block-quote is-layout-flow wp-block-quote-is-layout-flow\">\n<p>\u201cO trabalho tamb\u00e9m inclui o planejamento das etapas para monitoramento e controle sanit\u00e1rio ap\u00f3s a regulamenta\u00e7\u00e3o\u201d, destacou a ag\u00eancia.<\/p>\n<\/blockquote>\n\n\n\n<h3 class=\"wp-block-heading\">N\u00fameros<\/h3>\n\n\n\n<p><strong>A estimativa da Anvisa \u00e9 que mais de 670 mil pessoas no Brasil utilizem produtos \u00e0 base de&nbsp;<em>cannabis<\/em>. O acesso a esse tipo de tratamento, segundo a Anvisa, ocorre, sobretudo, por via judicial.<\/strong><\/p>\n\n\n\n<p>Ainda segundo a ag\u00eancia, desde 2022, o Minist\u00e9rio da Sa\u00fade atendeu cerca de 820 decis\u00f5es para a oferta desse tipo de produto.<\/p>\n\n\n\n<blockquote class=\"wp-block-quote is-layout-flow wp-block-quote-is-layout-flow\">\n<p>\u201cEmbora sem regulamenta\u00e7\u00e3o no pa\u00eds, muitas associa\u00e7\u00f5es conseguiram autoriza\u00e7\u00e3o na justi\u00e7a para produ\u00e7\u00e3o de&nbsp;<em>cannabis<\/em>&nbsp;exclusivamente para uso medicinal\u201d, destacou a Anvisa.<\/p>\n<\/blockquote>\n\n\n\n<p><sub>por Ag\u00eancia Brasil<\/sub><\/p>\n\n\n\n<p><\/p>\n","protected":false},"excerpt":{"rendered":"<p>Cinco estados brasileiros j\u00e1 t\u00eam leis que autorizam cultivo medicinal A diretoria colegiada da Ag\u00eancia Nacional de Vigil\u00e2ncia Sanit\u00e1ria (Anvisa) se re\u00fane nesta quarta-feira 28 para discutir a defini\u00e7\u00e3o de regras espec\u00edficas para a produ\u00e7\u00e3o da&nbsp;cannabis&nbsp;medicinal no Brasil. No encontro, agendado para as 9h30 na sede da ag\u00eancia, em Bras\u00edlia, os diretores v\u00e3o debater a&#8230;<\/p>\n","protected":false},"author":1,"featured_media":8855,"comment_status":"open","ping_status":"open","sticky":false,"template":"","format":"standard","meta":{"footnotes":""},"categories":[1],"tags":[],"class_list":["post-8854","post","type-post","status-publish","format-standard","has-post-thumbnail","hentry","category-saude"],"_links":{"self":[{"href":"https:\/\/cafecommessias.com.br\/index.php?rest_route=\/wp\/v2\/posts\/8854","targetHints":{"allow":["GET"]}}],"collection":[{"href":"https:\/\/cafecommessias.com.br\/index.php?rest_route=\/wp\/v2\/posts"}],"about":[{"href":"https:\/\/cafecommessias.com.br\/index.php?rest_route=\/wp\/v2\/types\/post"}],"author":[{"embeddable":true,"href":"https:\/\/cafecommessias.com.br\/index.php?rest_route=\/wp\/v2\/users\/1"}],"replies":[{"embeddable":true,"href":"https:\/\/cafecommessias.com.br\/index.php?rest_route=%2Fwp%2Fv2%2Fcomments&post=8854"}],"version-history":[{"count":1,"href":"https:\/\/cafecommessias.com.br\/index.php?rest_route=\/wp\/v2\/posts\/8854\/revisions"}],"predecessor-version":[{"id":8856,"href":"https:\/\/cafecommessias.com.br\/index.php?rest_route=\/wp\/v2\/posts\/8854\/revisions\/8856"}],"wp:featuredmedia":[{"embeddable":true,"href":"https:\/\/cafecommessias.com.br\/index.php?rest_route=\/wp\/v2\/media\/8855"}],"wp:attachment":[{"href":"https:\/\/cafecommessias.com.br\/index.php?rest_route=%2Fwp%2Fv2%2Fmedia&parent=8854"}],"wp:term":[{"taxonomy":"category","embeddable":true,"href":"https:\/\/cafecommessias.com.br\/index.php?rest_route=%2Fwp%2Fv2%2Fcategories&post=8854"},{"taxonomy":"post_tag","embeddable":true,"href":"https:\/\/cafecommessias.com.br\/index.php?rest_route=%2Fwp%2Fv2%2Ftags&post=8854"}],"curies":[{"name":"wp","href":"https:\/\/api.w.org\/{rel}","templated":true}]}}