{"id":896,"date":"2025-07-18T15:59:40","date_gmt":"2025-07-18T18:59:40","guid":{"rendered":"https:\/\/cafecommessias.com.br\/?p=896"},"modified":"2025-07-18T16:12:56","modified_gmt":"2025-07-18T19:12:56","slug":"stf-forma-maioria-para-manter-tornozeleira-e-restricoes-contra-bolsonaro","status":"publish","type":"post","link":"https:\/\/cafecommessias.com.br\/?p=896","title":{"rendered":"STF forma maioria para manter tornozeleira e restri\u00e7\u00f5es contra Bolsonaro"},"content":{"rendered":"\n<p>Primeira Turma referenda decis\u00e3o de Moraes que imp\u00f5e monitoramento, recolhimento noturno e proibi\u00e7\u00e3o de contato com autoridades estrangeiras<\/p>\n\n\n\n<p>A Primeira Turma do Supremo Tribunal Federal (STF) formou maioria, nesta sexta-feira 18, para manter as medidas cautelares impostas ao ex-presidente Jair Bolsonaro (PL), incluindo o uso de tornozeleira eletr\u00f4nica, recolhimento domiciliar e restri\u00e7\u00f5es de contato com autoridades estrangeiras. A decis\u00e3o foi tomada no \u00e2mbito da investiga\u00e7\u00e3o da Pol\u00edcia Federal sobre tentativa de atentado \u00e0 soberania nacional.<\/p>\n\n\n\n<p>Al\u00e9m do relator Alexandre de Moraes, votaram para referendar a decis\u00e3o os ministros Fl\u00e1vio Dino e Cristiano Zanin. Ainda restam os votos de C\u00e1rmen L\u00facia e Luiz Fux. A vota\u00e7\u00e3o ocorre em plen\u00e1rio virtual, iniciado ao meio-dia desta sexta-feira, com prazo at\u00e9 as 12h da pr\u00f3xima segunda-feira 21.<\/p>\n\n\n\n<p>O caso envolve uma investiga\u00e7\u00e3o que apura supostos crimes de coa\u00e7\u00e3o no curso do processo, obstru\u00e7\u00e3o \u00e0 Justi\u00e7a e ataque \u00e0 soberania nacional, relacionados \u00e0 suposta atua\u00e7\u00e3o de Bolsonaro e de seu filho, Eduardo Bolsonaro (PL-SP), para estimular o governo dos Estados Unidos a adotar medidas hostis contra o Brasil. Segundo Moraes, os dois tentaram submeter o funcionamento do STF \u00e0 influ\u00eancia norte-americana.<\/p>\n\n\n\n<p>As medidas cautelares foram autorizadas ap\u00f3s a PF cumprir mandados de busca e apreens\u00e3o na casa de Bolsonaro e na sede do PL, em Bras\u00edlia. Na ocasi\u00e3o, os agentes encontraram cerca de US$ 14 mil em esp\u00e9cie na resid\u00eancia do ex-presidente.<\/p>\n\n\n\n<p>Entre as restri\u00e7\u00f5es impostas est\u00e3o o uso obrigat\u00f3rio de tornozeleira eletr\u00f4nica, recolhimento domiciliar entre 19h e 6h nos dias \u00fateis, e em tempo integral nos fins de semana e feriados, al\u00e9m da proibi\u00e7\u00e3o de contato com diplomatas e de se aproximar de embaixadas ou consulados. As medidas foram solicitadas pela Pol\u00edcia Federal e tiveram parecer favor\u00e1vel da Procuradoria-Geral da Rep\u00fablica (PGR).<\/p>\n\n\n\n<p>A defesa de Bolsonaro se manifestou por meio de nota, afirmando que \u201crecebeu com surpresa e indigna\u00e7\u00e3o a imposi\u00e7\u00e3o de medidas cautelares severas contra ele, que at\u00e9 o presente momento sempre cumpriu com todas as determina\u00e7\u00f5es do Poder Judici\u00e1rio\u201d.<\/p>\n\n\n\n<p><sub>por Agora RN<\/sub><\/p>\n\n\n\n<p class=\"has-text-align-center\"><em><strong>PUBLICIDADE<\/strong><\/em><\/p>\n\n\n\n<figure class=\"wp-block-image size-large\"><img loading=\"lazy\" decoding=\"async\" width=\"1024\" height=\"158\" src=\"https:\/\/cafecommessias.com.br\/wp-content\/uploads\/2025\/07\/Banner-REFIS-1300x200px-PRORROGADO-9-1024x158.gif\" alt=\"\" class=\"wp-image-559\" srcset=\"https:\/\/cafecommessias.com.br\/wp-content\/uploads\/2025\/07\/Banner-REFIS-1300x200px-PRORROGADO-9-1024x158.gif 1024w, https:\/\/cafecommessias.com.br\/wp-content\/uploads\/2025\/07\/Banner-REFIS-1300x200px-PRORROGADO-9-300x46.gif 300w, https:\/\/cafecommessias.com.br\/wp-content\/uploads\/2025\/07\/Banner-REFIS-1300x200px-PRORROGADO-9-768x118.gif 768w\" sizes=\"auto, (max-width: 1024px) 100vw, 1024px\" \/><\/figure>\n","protected":false},"excerpt":{"rendered":"<p>Primeira Turma referenda decis\u00e3o de Moraes que imp\u00f5e monitoramento, recolhimento noturno e proibi\u00e7\u00e3o de contato com autoridades estrangeiras A Primeira Turma do Supremo Tribunal Federal (STF) formou maioria, nesta sexta-feira 18, para manter as medidas cautelares impostas ao ex-presidente Jair Bolsonaro (PL), incluindo o uso de tornozeleira eletr\u00f4nica, recolhimento domiciliar e restri\u00e7\u00f5es de contato com&#8230;<\/p>\n","protected":false},"author":1,"featured_media":897,"comment_status":"open","ping_status":"open","sticky":false,"template":"","format":"standard","meta":{"footnotes":""},"categories":[4,3],"tags":[],"class_list":["post-896","post","type-post","status-publish","format-standard","has-post-thumbnail","hentry","category-anuncie-aqui","category-geral"],"_links":{"self":[{"href":"https:\/\/cafecommessias.com.br\/index.php?rest_route=\/wp\/v2\/posts\/896","targetHints":{"allow":["GET"]}}],"collection":[{"href":"https:\/\/cafecommessias.com.br\/index.php?rest_route=\/wp\/v2\/posts"}],"about":[{"href":"https:\/\/cafecommessias.com.br\/index.php?rest_route=\/wp\/v2\/types\/post"}],"author":[{"embeddable":true,"href":"https:\/\/cafecommessias.com.br\/index.php?rest_route=\/wp\/v2\/users\/1"}],"replies":[{"embeddable":true,"href":"https:\/\/cafecommessias.com.br\/index.php?rest_route=%2Fwp%2Fv2%2Fcomments&post=896"}],"version-history":[{"count":3,"href":"https:\/\/cafecommessias.com.br\/index.php?rest_route=\/wp\/v2\/posts\/896\/revisions"}],"predecessor-version":[{"id":900,"href":"https:\/\/cafecommessias.com.br\/index.php?rest_route=\/wp\/v2\/posts\/896\/revisions\/900"}],"wp:featuredmedia":[{"embeddable":true,"href":"https:\/\/cafecommessias.com.br\/index.php?rest_route=\/wp\/v2\/media\/897"}],"wp:attachment":[{"href":"https:\/\/cafecommessias.com.br\/index.php?rest_route=%2Fwp%2Fv2%2Fmedia&parent=896"}],"wp:term":[{"taxonomy":"category","embeddable":true,"href":"https:\/\/cafecommessias.com.br\/index.php?rest_route=%2Fwp%2Fv2%2Fcategories&post=896"},{"taxonomy":"post_tag","embeddable":true,"href":"https:\/\/cafecommessias.com.br\/index.php?rest_route=%2Fwp%2Fv2%2Ftags&post=896"}],"curies":[{"name":"wp","href":"https:\/\/api.w.org\/{rel}","templated":true}]}}