{"id":901,"date":"2025-07-18T16:10:25","date_gmt":"2025-07-18T19:10:25","guid":{"rendered":"https:\/\/cafecommessias.com.br\/?p=901"},"modified":"2025-07-18T16:12:47","modified_gmt":"2025-07-18T19:12:47","slug":"moraes-diz-que-bolsonaro-agiu-contra-a-soberania-nacional","status":"publish","type":"post","link":"https:\/\/cafecommessias.com.br\/?p=901","title":{"rendered":"Moraes diz que Bolsonaro agiu contra a soberania nacional"},"content":{"rendered":"\n<p>A declara\u00e7\u00e3o est\u00e1 na decis\u00e3o que imp\u00f4s medidas restritivas a Bolsonaro e autorizou buscas em sua resid\u00eancia nesta sexta 18<\/p>\n\n\n\n<p>O ministro Alexandre de Moraes, do Supremo Tribunal Federal (STF), afirmou que o ex-presidente Jair Bolsonaro (PL) confessou uma tentativa de extors\u00e3o contra a Justi\u00e7a brasileira ao condicionar o fim da taxa\u00e7\u00e3o imposta pelos Estados Unidos \u00e0 sua anistia. A declara\u00e7\u00e3o est\u00e1 na decis\u00e3o que imp\u00f4s medidas restritivas a Bolsonaro e autorizou buscas em sua resid\u00eancia nesta sexta-feira 18.<\/p>\n\n\n\n<p>No dia 9 de julho, o presidente dos Estados Unidos, Donald Trump, anunciou uma tarifa de 50% sobre todas as exporta\u00e7\u00f5es brasileiras, alegando que Bolsonaro era alvo de uma \u201cca\u00e7a \u00e0s bruxas\u201d e fazendo cr\u00edticas ao STF. Ap\u00f3s o an\u00fancio, Bolsonaro passou a fazer declara\u00e7\u00f5es que associavam a retirada da tarifa \u00e0 concess\u00e3o de anistia.<\/p>\n\n\n\n<p>No domingo 13, o ex-presidente afirmou que n\u00e3o se alegrava com o tarifa\u00e7o e declarou que \u201ccom a anistia haveria paz para a economia\u201d. J\u00e1 na quinta-feira (17), disse: \u201cVamos supor que Trump queira anistia. \u00c9 muito? \u00c9 muito, se ele pedir isso a\u00ed? A anistia \u00e9 algo privativo do parlamento. N\u00e3o tem que ningu\u00e9m ficar amea\u00e7ando tornar inconstitucional.\u201d<\/p>\n\n\n\n<p>Na decis\u00e3o, Moraes afirmou:<\/p>\n\n\n\n<blockquote class=\"wp-block-quote is-layout-flow wp-block-quote-is-layout-flow\">\n<p><em>\u201cA conduta do r\u00e9u JAIR MESSIAS BOLSONARO [\u2026] \u00e9 t\u00e3o grave e despudorada que na data de hoje (17\/7\/2025), em entrevista coletiva, sem qualquer respeito \u00e0 Soberania Nacional do Povo brasileiro, \u00e0 Constitui\u00e7\u00e3o Federal e \u00e0 independ\u00eancia do Poder Judici\u00e1rio, expressamente, confessou sua consciente e volunt\u00e1ria atua\u00e7\u00e3o criminosa na extors\u00e3o que se pretende contra a Justi\u00e7a brasileira, CONDICIONANDO O FIM DA \u2018TAXA\u00c7\u00c3O\/SAN\u00c7\u00c3O\u2019 \u00c0 SUA PR\u00d3PRIA ANISTIA.\u201d<\/em><\/p>\n<\/blockquote>\n\n\n\n<p>Moraes aponta que Bolsonaro pode ter cometido os crimes de coa\u00e7\u00e3o no curso do processo, obstru\u00e7\u00e3o de investiga\u00e7\u00e3o que envolve organiza\u00e7\u00e3o criminosa e atentado \u00e0 soberania nacional. O ministro tamb\u00e9m afirmou que a \u201cinten\u00e7\u00e3o criminosa\u201d do ex-presidente \u00e9 \u201cpatente e escancarada\u201d, especialmente ap\u00f3s a Procuradoria-Geral da Rep\u00fablica (PGR) apresentar, na segunda-feira 14, as alega\u00e7\u00f5es finais do inqu\u00e9rito sobre a tentativa de golpe e pedir sua condena\u00e7\u00e3o.<\/p>\n\n\n\n<p>Segundo Moraes,\u00a0Bolsonaro\u00a0estimulou o governo dos Estados Unidos a agir contra autoridades brasileiras, em tentativa de pressionar o STF e obstruir o inqu\u00e9rito. O magistrado afirmou ainda que Jair Bolsonaro, em conjunto com o deputado Eduardo Bolsonaro (PL-SP), que est\u00e1 nos Estados Unidos, comete atentados \u00e0 soberania nacional, com o objetivo de interferir nos processos judiciais, desestabilizar a economia e pressionar o Judici\u00e1rio.<\/p>\n\n\n\n<p>Durante o cumprimento das medidas autorizadas por Moraes, a Pol\u00edcia Federal apreendeu, na casa do ex-presidente, uma c\u00f3pia da peti\u00e7\u00e3o inicial de uma a\u00e7\u00e3o judicial movida nos Estados Unidos contra o pr\u00f3prio ministro do STF. A a\u00e7\u00e3o foi apresentada pela plataforma Rumble, que acusa Moraes de censura e solicita que decis\u00f5es do magistrado para remo\u00e7\u00e3o de contas de usu\u00e1rios n\u00e3o tenham validade em territ\u00f3rio norte-americano.<\/p>\n\n\n\n<p>A a\u00e7\u00e3o foi protocolada em fevereiro, em parceria com o grupo Trump Media &amp; Technology Group, empresa do presidente Donald Trump.<\/p>\n\n\n\n<p>Al\u00e9m das buscas, Moraes determinou que Bolsonaro seja monitorado por tornozeleira eletr\u00f4nica, proibiu que ele saia de casa entre 19h e 6h e nos fins de semana, al\u00e9m de vetar o uso de redes sociais e contato com autoridades estrangeiras, embaixadas e consulados.<\/p>\n\n\n\n<p>Em entrevista ap\u00f3s colocar a tornozeleira,\u00a0Bolsonaro afirmou: \u201cNunca pensei em sair do Brasil ou ir para embaixada.\u201d<\/p>\n\n\n\n<p>O ex-presidente classificou a investiga\u00e7\u00e3o como pol\u00edtica e disse que as medidas judiciais representam uma \u201csuprema humilha\u00e7\u00e3o\u201d.<\/p>\n\n\n\n<p><sub>por Agora RN<\/sub><\/p>\n\n\n\n<p class=\"has-text-align-center\"><em><strong>PUBLICIDADE<\/strong><\/em><\/p>\n\n\n\n<figure class=\"wp-block-image size-large\"><img loading=\"lazy\" decoding=\"async\" width=\"1024\" height=\"158\" src=\"https:\/\/cafecommessias.com.br\/wp-content\/uploads\/2025\/07\/Lixo-nas-Ruas_1300x200-7-1024x158.png\" alt=\"\" class=\"wp-image-904\" srcset=\"https:\/\/cafecommessias.com.br\/wp-content\/uploads\/2025\/07\/Lixo-nas-Ruas_1300x200-7-1024x158.png 1024w, https:\/\/cafecommessias.com.br\/wp-content\/uploads\/2025\/07\/Lixo-nas-Ruas_1300x200-7-300x46.png 300w, https:\/\/cafecommessias.com.br\/wp-content\/uploads\/2025\/07\/Lixo-nas-Ruas_1300x200-7-768x118.png 768w, https:\/\/cafecommessias.com.br\/wp-content\/uploads\/2025\/07\/Lixo-nas-Ruas_1300x200-7.png 1300w\" sizes=\"auto, (max-width: 1024px) 100vw, 1024px\" \/><\/figure>\n","protected":false},"excerpt":{"rendered":"<p>A declara\u00e7\u00e3o est\u00e1 na decis\u00e3o que imp\u00f4s medidas restritivas a Bolsonaro e autorizou buscas em sua resid\u00eancia nesta sexta 18 O ministro Alexandre de Moraes, do Supremo Tribunal Federal (STF), afirmou que o ex-presidente Jair Bolsonaro (PL) confessou uma tentativa de extors\u00e3o contra a Justi\u00e7a brasileira ao condicionar o fim da taxa\u00e7\u00e3o imposta pelos Estados&#8230;<\/p>\n","protected":false},"author":1,"featured_media":0,"comment_status":"open","ping_status":"open","sticky":false,"template":"","format":"standard","meta":{"footnotes":""},"categories":[4,3],"tags":[],"class_list":["post-901","post","type-post","status-publish","format-standard","hentry","category-anuncie-aqui","category-geral"],"_links":{"self":[{"href":"https:\/\/cafecommessias.com.br\/index.php?rest_route=\/wp\/v2\/posts\/901","targetHints":{"allow":["GET"]}}],"collection":[{"href":"https:\/\/cafecommessias.com.br\/index.php?rest_route=\/wp\/v2\/posts"}],"about":[{"href":"https:\/\/cafecommessias.com.br\/index.php?rest_route=\/wp\/v2\/types\/post"}],"author":[{"embeddable":true,"href":"https:\/\/cafecommessias.com.br\/index.php?rest_route=\/wp\/v2\/users\/1"}],"replies":[{"embeddable":true,"href":"https:\/\/cafecommessias.com.br\/index.php?rest_route=%2Fwp%2Fv2%2Fcomments&post=901"}],"version-history":[{"count":2,"href":"https:\/\/cafecommessias.com.br\/index.php?rest_route=\/wp\/v2\/posts\/901\/revisions"}],"predecessor-version":[{"id":905,"href":"https:\/\/cafecommessias.com.br\/index.php?rest_route=\/wp\/v2\/posts\/901\/revisions\/905"}],"wp:attachment":[{"href":"https:\/\/cafecommessias.com.br\/index.php?rest_route=%2Fwp%2Fv2%2Fmedia&parent=901"}],"wp:term":[{"taxonomy":"category","embeddable":true,"href":"https:\/\/cafecommessias.com.br\/index.php?rest_route=%2Fwp%2Fv2%2Fcategories&post=901"},{"taxonomy":"post_tag","embeddable":true,"href":"https:\/\/cafecommessias.com.br\/index.php?rest_route=%2Fwp%2Fv2%2Ftags&post=901"}],"curies":[{"name":"wp","href":"https:\/\/api.w.org\/{rel}","templated":true}]}}