{"id":9227,"date":"2026-02-08T11:23:14","date_gmt":"2026-02-08T14:23:14","guid":{"rendered":"https:\/\/cafecommessias.com.br\/?p=9227"},"modified":"2026-02-08T11:23:26","modified_gmt":"2026-02-08T14:23:26","slug":"prefeita-aize-anuncia-chapa-completa-para-as-eleicoes-de-outubro-de-2026","status":"publish","type":"post","link":"https:\/\/cafecommessias.com.br\/?p=9227","title":{"rendered":"Prefeita Aize anuncia chapa completa para as elei\u00e7\u00f5es de outubro de 2026"},"content":{"rendered":"\n<p>Em meio a pol\u00eamicas nos bastidores pol\u00edticos e repercuss\u00e3o nas redes sociais ap\u00f3s o vice-prefeito Holderlin Silva anunciar sua pr\u00e9-candidatura a deputado estadual, a prefeita Aize Bezerra decidiu tornar p\u00fablica, por meio de suas redes sociais, a composi\u00e7\u00e3o completa de sua chapa para as elei\u00e7\u00f5es de outubro de 2026.<\/p>\n\n\n\n<p>Durante uma live realizada em seu perfil oficial no Instagram, Aize declarou que sua candidata a deputada estadual ser\u00e1 Kaline Amorim, esposa do deputado Dr. Bernardo. Para a C\u00e2mara Federal, a prefeita afirmou apoio \u00e0 reelei\u00e7\u00e3o do deputado Benes Leoc\u00e1dio.<\/p>\n\n\n\n<p>Para o governo do Estado, Cadu Xavier. No Senado, Aize anunciou voto na senadora Dra. Zenaide Maia, com o segundo voto destinado \u00e0 governadora F\u00e1tima Bezerra. J\u00e1 para a Presid\u00eancia da Rep\u00fablica, a prefeita confirmou apoio ao presidente Luiz In\u00e1cio Lula da Silva.<\/p>\n\n\n\n<p>O an\u00fancio ocorre em um momento de intensas articula\u00e7\u00f5es pol\u00edticas no munic\u00edpio e deve influenciar diretamente o cen\u00e1rio eleitoral local nos pr\u00f3ximos meses.<\/p>\n","protected":false},"excerpt":{"rendered":"<p>Em meio a pol\u00eamicas nos bastidores pol\u00edticos e repercuss\u00e3o nas redes sociais ap\u00f3s o vice-prefeito Holderlin Silva anunciar sua pr\u00e9-candidatura a deputado estadual, a prefeita Aize Bezerra decidiu tornar p\u00fablica, por meio de suas redes sociais, a composi\u00e7\u00e3o completa de sua chapa para as elei\u00e7\u00f5es de outubro de 2026. Durante uma live realizada em seu&#8230;<\/p>\n","protected":false},"author":1,"featured_media":9228,"comment_status":"open","ping_status":"closed","sticky":false,"template":"","format":"standard","meta":{"footnotes":""},"categories":[6],"tags":[],"class_list":["post-9227","post","type-post","status-publish","format-standard","has-post-thumbnail","hentry","category-politica"],"_links":{"self":[{"href":"https:\/\/cafecommessias.com.br\/index.php?rest_route=\/wp\/v2\/posts\/9227","targetHints":{"allow":["GET"]}}],"collection":[{"href":"https:\/\/cafecommessias.com.br\/index.php?rest_route=\/wp\/v2\/posts"}],"about":[{"href":"https:\/\/cafecommessias.com.br\/index.php?rest_route=\/wp\/v2\/types\/post"}],"author":[{"embeddable":true,"href":"https:\/\/cafecommessias.com.br\/index.php?rest_route=\/wp\/v2\/users\/1"}],"replies":[{"embeddable":true,"href":"https:\/\/cafecommessias.com.br\/index.php?rest_route=%2Fwp%2Fv2%2Fcomments&post=9227"}],"version-history":[{"count":1,"href":"https:\/\/cafecommessias.com.br\/index.php?rest_route=\/wp\/v2\/posts\/9227\/revisions"}],"predecessor-version":[{"id":9229,"href":"https:\/\/cafecommessias.com.br\/index.php?rest_route=\/wp\/v2\/posts\/9227\/revisions\/9229"}],"wp:featuredmedia":[{"embeddable":true,"href":"https:\/\/cafecommessias.com.br\/index.php?rest_route=\/wp\/v2\/media\/9228"}],"wp:attachment":[{"href":"https:\/\/cafecommessias.com.br\/index.php?rest_route=%2Fwp%2Fv2%2Fmedia&parent=9227"}],"wp:term":[{"taxonomy":"category","embeddable":true,"href":"https:\/\/cafecommessias.com.br\/index.php?rest_route=%2Fwp%2Fv2%2Fcategories&post=9227"},{"taxonomy":"post_tag","embeddable":true,"href":"https:\/\/cafecommessias.com.br\/index.php?rest_route=%2Fwp%2Fv2%2Ftags&post=9227"}],"curies":[{"name":"wp","href":"https:\/\/api.w.org\/{rel}","templated":true}]}}