{"id":9345,"date":"2026-02-12T13:14:55","date_gmt":"2026-02-12T16:14:55","guid":{"rendered":"https:\/\/cafecommessias.com.br\/?p=9345"},"modified":"2026-02-12T13:14:55","modified_gmt":"2026-02-12T16:14:55","slug":"dia-mundial-da-doacao-de-livros-tera-acao-especial-em-parnamirim","status":"publish","type":"post","link":"https:\/\/cafecommessias.com.br\/?p=9345","title":{"rendered":"Dia Mundial da Doa\u00e7\u00e3o de Livros ter\u00e1 a\u00e7\u00e3o especial em Parnamirim"},"content":{"rendered":"\n<p>Na pr\u00f3xima sexta-feira (13), a Prefeitura de Parnamirim realizar\u00e1 uma programa\u00e7\u00e3o especial em comemora\u00e7\u00e3o ao Dia Internacional da Doa\u00e7\u00e3o de Livros. A Biblioteca Municipal Elienai Cartaxo estar\u00e1 das 8h \u00e0s 10h envolvida em uma a\u00e7\u00e3o de distribui\u00e7\u00e3o gratuita de exemplares \u00e0 popula\u00e7\u00e3o.<br>&nbsp;<\/p>\n\n\n\n<p>A iniciativa integra as a\u00e7\u00f5es de incentivo \u00e0 leitura desenvolvidas pela Secretaria Municipal de Educa\u00e7\u00e3o (SME). Um estande ser\u00e1 montado na \u00e1rea externa da Biblioteca, onde os interessados poder\u00e3o receber um livro surpresa como presente.<\/p>\n\n\n\n<p><br>A a\u00e7\u00e3o tem como objetivo despertar o interesse e o prazer pela leitura, al\u00e9m de ampliar o conhecimento da popula\u00e7\u00e3o sobre a import\u00e2ncia da data e do ato de doar livros.<\/p>\n\n\n\n<p><strong>Dia Mundial da Doa\u00e7\u00e3o de Livros<\/strong><\/p>\n\n\n\n<p>Local: Biblioteca Municipal Elienai Cartaxo Endere\u00e7o: Av. Pres. Get\u00falio Vargas, 151 \u2013 Santos Reis        Hor\u00e1rio e data: Sexta (13), 8h \u00e0s 10h                                                                                 <\/p>\n\n\n\n<p>Dia Mundial da Doa\u00e7\u00e3o de Livros Local: Biblioteca Municipal Elienai Cartaxo                                         Nesta sexta-feira (13), das 8h \u00e0s 10h<\/p>\n\n\n\n<p><sub>por: Juliana Grace<\/sub><\/p>\n\n\n<div class=\"wp-block-post-author\"><div class=\"wp-block-post-author__avatar\"><img alt='' src='https:\/\/secure.gravatar.com\/avatar\/a62bcf199877d37056dc55ccc32b6decbd05abb46ce616ef4c38b16491e4d91d?s=48&#038;r=g' srcset='https:\/\/secure.gravatar.com\/avatar\/a62bcf199877d37056dc55ccc32b6decbd05abb46ce616ef4c38b16491e4d91d?s=96&#038;r=g 2x' class='avatar avatar-48 photo' height='48' width='48' \/><\/div><div class=\"wp-block-post-author__content\"><p class=\"wp-block-post-author__name\">Blogcafecommessias<\/p><\/div><\/div>\n\n\n<figure class=\"wp-block-image size-large\"><img decoding=\"async\" src=\"https:\/\/cafecommessias.com.br\/wp-content\/uploads\/2026\/02\/download.gif\" alt=\"\"\/><\/figure>\n","protected":false},"excerpt":{"rendered":"<p>Na pr\u00f3xima sexta-feira (13), a Prefeitura de Parnamirim realizar\u00e1 uma programa\u00e7\u00e3o especial em comemora\u00e7\u00e3o ao Dia Internacional da Doa\u00e7\u00e3o de Livros. A Biblioteca Municipal Elienai Cartaxo estar\u00e1 das 8h \u00e0s 10h envolvida em uma a\u00e7\u00e3o de distribui\u00e7\u00e3o gratuita de exemplares \u00e0 popula\u00e7\u00e3o.&nbsp; A iniciativa integra as a\u00e7\u00f5es de incentivo \u00e0 leitura desenvolvidas pela Secretaria Municipal&#8230;<\/p>\n","protected":false},"author":1,"featured_media":9348,"comment_status":"open","ping_status":"open","sticky":false,"template":"","format":"standard","meta":{"footnotes":""},"categories":[4,11],"tags":[],"class_list":["post-9345","post","type-post","status-publish","format-standard","has-post-thumbnail","hentry","category-anuncie-aqui","category-parnamirim-rn"],"_links":{"self":[{"href":"https:\/\/cafecommessias.com.br\/index.php?rest_route=\/wp\/v2\/posts\/9345","targetHints":{"allow":["GET"]}}],"collection":[{"href":"https:\/\/cafecommessias.com.br\/index.php?rest_route=\/wp\/v2\/posts"}],"about":[{"href":"https:\/\/cafecommessias.com.br\/index.php?rest_route=\/wp\/v2\/types\/post"}],"author":[{"embeddable":true,"href":"https:\/\/cafecommessias.com.br\/index.php?rest_route=\/wp\/v2\/users\/1"}],"replies":[{"embeddable":true,"href":"https:\/\/cafecommessias.com.br\/index.php?rest_route=%2Fwp%2Fv2%2Fcomments&post=9345"}],"version-history":[{"count":1,"href":"https:\/\/cafecommessias.com.br\/index.php?rest_route=\/wp\/v2\/posts\/9345\/revisions"}],"predecessor-version":[{"id":9349,"href":"https:\/\/cafecommessias.com.br\/index.php?rest_route=\/wp\/v2\/posts\/9345\/revisions\/9349"}],"wp:featuredmedia":[{"embeddable":true,"href":"https:\/\/cafecommessias.com.br\/index.php?rest_route=\/wp\/v2\/media\/9348"}],"wp:attachment":[{"href":"https:\/\/cafecommessias.com.br\/index.php?rest_route=%2Fwp%2Fv2%2Fmedia&parent=9345"}],"wp:term":[{"taxonomy":"category","embeddable":true,"href":"https:\/\/cafecommessias.com.br\/index.php?rest_route=%2Fwp%2Fv2%2Fcategories&post=9345"},{"taxonomy":"post_tag","embeddable":true,"href":"https:\/\/cafecommessias.com.br\/index.php?rest_route=%2Fwp%2Fv2%2Ftags&post=9345"}],"curies":[{"name":"wp","href":"https:\/\/api.w.org\/{rel}","templated":true}]}}