{"id":9350,"date":"2026-02-13T06:13:01","date_gmt":"2026-02-13T09:13:01","guid":{"rendered":"https:\/\/cafecommessias.com.br\/?p=9350"},"modified":"2026-02-13T06:14:15","modified_gmt":"2026-02-13T09:14:15","slug":"camara-da-argentina-aprova-lei-que-reduz-maioridade-penal-para-14-anos","status":"publish","type":"post","link":"https:\/\/cafecommessias.com.br\/?p=9350","title":{"rendered":"C\u00e2mara da Argentina aprova lei que reduz maioridade penal para 14 anos"},"content":{"rendered":"\n<p>A C\u00e2mara dos Deputados da&nbsp;Argentina&nbsp;aprovou a redu\u00e7\u00e3o da maioridade penal de 16 para 14 anos dentro da reforma do Sistema de Justi\u00e7a Juvenil. O texto passou por 149 votos a 100 ap\u00f3s negocia\u00e7\u00f5es entre o governo e partidos aliados, mesmo diante de forte resist\u00eancia da esquerda.<\/p>\n\n\n\n<p>Segundo a imprensa local, como o jornal&nbsp;Clar\u00edn, Milei defendia inicialmente que a idade m\u00ednima fosse 13 anos, mas aceitou o acordo pol\u00edtico para garantir a aprova\u00e7\u00e3o. O debate ganhou for\u00e7a ap\u00f3s um crime envolvendo menores na prov\u00edncia de Santa F\u00e9, caso que provocou como\u00e7\u00e3o nacional.<\/p>\n\n\n\n<p>A proposta tamb\u00e9m enfrentou cr\u00edticas da oposi\u00e7\u00e3o sobre o financiamento da nova estrutura prevista, com parlamentares afirmando que os recursos anunciados seriam insuficientes para implementar o sistema. O governo, por sua vez, afirmou que adolescentes condenados ficar\u00e3o em unidades separadas dos adultos e que a pris\u00e3o em regime fechado ser\u00e1 aplicada apenas a crimes graves, como homic\u00eddio.<\/p>\n\n\n\n<p>Agora, o projeto segue para an\u00e1lise do&nbsp;Senado da Argentina, que deve discutir o tema no dia 26 de fevereiro. Em comunicado oficial, Milei celebrou a vota\u00e7\u00e3o e afirmou que jovens de 14 anos j\u00e1 compreendem a gravidade de seus atos ao participar de delitos.<\/p>\n","protected":false},"excerpt":{"rendered":"<p>A C\u00e2mara dos Deputados da&nbsp;Argentina&nbsp;aprovou a redu\u00e7\u00e3o da maioridade penal de 16 para 14 anos dentro da reforma do Sistema de Justi\u00e7a Juvenil. O texto passou por 149 votos a 100 ap\u00f3s negocia\u00e7\u00f5es entre o governo e partidos aliados, mesmo diante de forte resist\u00eancia da esquerda. Segundo a imprensa local, como o jornal&nbsp;Clar\u00edn, Milei defendia&#8230;<\/p>\n","protected":false},"author":1,"featured_media":9351,"comment_status":"open","ping_status":"closed","sticky":false,"template":"","format":"standard","meta":{"footnotes":""},"categories":[2],"tags":[],"class_list":["post-9350","post","type-post","status-publish","format-standard","has-post-thumbnail","hentry","category-internacional"],"_links":{"self":[{"href":"https:\/\/cafecommessias.com.br\/index.php?rest_route=\/wp\/v2\/posts\/9350","targetHints":{"allow":["GET"]}}],"collection":[{"href":"https:\/\/cafecommessias.com.br\/index.php?rest_route=\/wp\/v2\/posts"}],"about":[{"href":"https:\/\/cafecommessias.com.br\/index.php?rest_route=\/wp\/v2\/types\/post"}],"author":[{"embeddable":true,"href":"https:\/\/cafecommessias.com.br\/index.php?rest_route=\/wp\/v2\/users\/1"}],"replies":[{"embeddable":true,"href":"https:\/\/cafecommessias.com.br\/index.php?rest_route=%2Fwp%2Fv2%2Fcomments&post=9350"}],"version-history":[{"count":1,"href":"https:\/\/cafecommessias.com.br\/index.php?rest_route=\/wp\/v2\/posts\/9350\/revisions"}],"predecessor-version":[{"id":9352,"href":"https:\/\/cafecommessias.com.br\/index.php?rest_route=\/wp\/v2\/posts\/9350\/revisions\/9352"}],"wp:featuredmedia":[{"embeddable":true,"href":"https:\/\/cafecommessias.com.br\/index.php?rest_route=\/wp\/v2\/media\/9351"}],"wp:attachment":[{"href":"https:\/\/cafecommessias.com.br\/index.php?rest_route=%2Fwp%2Fv2%2Fmedia&parent=9350"}],"wp:term":[{"taxonomy":"category","embeddable":true,"href":"https:\/\/cafecommessias.com.br\/index.php?rest_route=%2Fwp%2Fv2%2Fcategories&post=9350"},{"taxonomy":"post_tag","embeddable":true,"href":"https:\/\/cafecommessias.com.br\/index.php?rest_route=%2Fwp%2Fv2%2Ftags&post=9350"}],"curies":[{"name":"wp","href":"https:\/\/api.w.org\/{rel}","templated":true}]}}