{"id":9353,"date":"2026-02-13T06:17:38","date_gmt":"2026-02-13T09:17:38","guid":{"rendered":"https:\/\/cafecommessias.com.br\/?p=9353"},"modified":"2026-02-13T06:18:01","modified_gmt":"2026-02-13T09:18:01","slug":"andre-mendonca-assume-caso-master-apos-saida-de-dias-toffoli","status":"publish","type":"post","link":"https:\/\/cafecommessias.com.br\/?p=9353","title":{"rendered":"Andr\u00e9 Mendon\u00e7a assume caso Master ap\u00f3s sa\u00edda de Dias Toffoli"},"content":{"rendered":"\n<p>O caso Master ganhou um novo relator no&nbsp;Supremo Tribunal Federal&nbsp;ap\u00f3s a sa\u00edda de Dias Toffoli. O processo foi redistribu\u00eddo na noite desta quinta-feira (12), e agora ficar\u00e1 sob responsabilidade do ministro Andr\u00e9 Mendon\u00e7a. A mudan\u00e7a ocorreu depois que os dez ministros da Corte assinaram uma nota conjunta citando \u201caltos interesses institucionais\u201d para acolher o pedido de Toffoli de deixar a relatoria.<\/p>\n\n\n\n<p>A informa\u00e7\u00e3o \u00e9 da colunista Manoela Alc\u00e2ntara, do&nbsp;<strong><em>Metr\u00f3poles<\/em><\/strong>. A decis\u00e3o acontece ap\u00f3s a Pol\u00edcia Federal apontar men\u00e7\u00f5es ao ministro em materiais extra\u00eddos do celular do empres\u00e1rio Daniel Vorcaro, dono do Banco Master, durante a Opera\u00e7\u00e3o Compliance Zero. Apesar disso, os magistrados afirmaram que n\u00e3o h\u00e1 suspei\u00e7\u00e3o ou impedimento e validaram todos os atos j\u00e1 praticados no processo, enquanto a presid\u00eancia do STF conduz medidas para extinguir a Argui\u00e7\u00e3o de Suspei\u00e7\u00e3o aberta no caso.<\/p>\n\n\n\n<p>A reuni\u00e3o que selou a mudan\u00e7a foi convocada pelo presidente da Corte, Luiz Edson Fachin, que apresentou aos colegas o relat\u00f3rio sigiloso enviado pela PF. No encontro, Toffoli confirmou ser s\u00f3cio do resort Tayay\u00e1, citado nas investiga\u00e7\u00f5es, mas negou qualquer rela\u00e7\u00e3o com Vorcaro ou familiares.<\/p>\n\n\n\n<p>Com a redistribui\u00e7\u00e3o, Andr\u00e9 Mendon\u00e7a passa a conduzir os pr\u00f3ximos passos do caso, que envolve investiga\u00e7\u00f5es sens\u00edveis e tem repercuss\u00e3o pol\u00edtica e institucional dentro do Supremo.<\/p>\n\n\n\n<p><strong>\u00cdntegra da nota oficial dos 10 ministros do STF<\/strong><\/p>\n\n\n\n<p><em>Os 10 Ministros do Supremo Tribunal Federal, reunidos em 12 de fevereiro de 2026, considerando o contido no processo de n\u00famero 244 AS, declaram n\u00e3o ser caso de cabimento para a argui\u00e7\u00e3o de suspei\u00e7\u00e3o, em virtude do disposto no art. 107 do C\u00f3digo de Processo Penal e no art. 280 do Regimento Interno do STF.<\/em><\/p>\n\n\n\n<p><em>Reconhecem, assim, a plena validade dos atos praticados pelo Ministro Dias Toffoli na relatoria da Reclama\u00e7\u00e3o n. 88.121 e de todos os processos a ela vinculados por depend\u00eancia.<\/em><\/p>\n\n\n\n<p><em>Expressam, neste ato, apoio pessoal ao Exmo. Min. Dias Toffoli, respeitando a dignidade de Sua Excel\u00eancia, bem como a inexist\u00eancia de suspei\u00e7\u00e3o ou de impedimento. Anote-se que Sua Excel\u00eancia atendeu a todos os pedidos formulados pela PF e PGR.<\/em><\/p>\n\n\n\n<p><em>Registram, ainda, que a pedido do Ministro Dias Toffoli, levando em conta a sua faculdade de submeter \u00e0 Presid\u00eancia do Tribunal quest\u00f5es para o bom andamento dos processos (RISTF, art. 21, III) e considerados os altos interesses institucionais, a Presid\u00eancia do Supremo Tribunal Federal, ouvidos todos os Ministros, acolhe comunica\u00e7\u00e3o de Sua Excel\u00eancia quanto ao envio dos feitos respectivos sob a sua Relatoria para que a Presid\u00eancia promova a livre redistribui\u00e7\u00e3o.<\/em><\/p>\n\n\n\n<p><em>A Presid\u00eancia adotar\u00e1 as provid\u00eancias processuais necess\u00e1rias, para a extin\u00e7\u00e3o da AS e para remessa dos autos ao novo Relator.<\/em><\/p>\n\n\n\n<p><em>Assinam:<\/em><br><em>Luiz Edson Fachin, Presidente<\/em><br><em>Alexandre de Moraes, Vice-Presidente<\/em><br><em>Gilmar Mendes<\/em><br><em>C\u00e1rmen L\u00facia<\/em><br><em>Dias Toffoli<\/em><br><em>Luiz Fux<\/em><br><em>Andr\u00e9 Mendon\u00e7a<\/em><br><em>Nunes Marques<\/em><br><em>Cristiano Zanin<\/em><br><em>Fl\u00e1vio Dino<\/em><\/p>\n","protected":false},"excerpt":{"rendered":"<p>O caso Master ganhou um novo relator no&nbsp;Supremo Tribunal Federal&nbsp;ap\u00f3s a sa\u00edda de Dias Toffoli. O processo foi redistribu\u00eddo na noite desta quinta-feira (12), e agora ficar\u00e1 sob responsabilidade do ministro Andr\u00e9 Mendon\u00e7a. A mudan\u00e7a ocorreu depois que os dez ministros da Corte assinaram uma nota conjunta citando \u201caltos interesses institucionais\u201d para acolher o pedido&#8230;<\/p>\n","protected":false},"author":1,"featured_media":9354,"comment_status":"open","ping_status":"closed","sticky":false,"template":"","format":"standard","meta":{"footnotes":""},"categories":[39],"tags":[],"class_list":["post-9353","post","type-post","status-publish","format-standard","has-post-thumbnail","hentry","category-justica"],"_links":{"self":[{"href":"https:\/\/cafecommessias.com.br\/index.php?rest_route=\/wp\/v2\/posts\/9353","targetHints":{"allow":["GET"]}}],"collection":[{"href":"https:\/\/cafecommessias.com.br\/index.php?rest_route=\/wp\/v2\/posts"}],"about":[{"href":"https:\/\/cafecommessias.com.br\/index.php?rest_route=\/wp\/v2\/types\/post"}],"author":[{"embeddable":true,"href":"https:\/\/cafecommessias.com.br\/index.php?rest_route=\/wp\/v2\/users\/1"}],"replies":[{"embeddable":true,"href":"https:\/\/cafecommessias.com.br\/index.php?rest_route=%2Fwp%2Fv2%2Fcomments&post=9353"}],"version-history":[{"count":1,"href":"https:\/\/cafecommessias.com.br\/index.php?rest_route=\/wp\/v2\/posts\/9353\/revisions"}],"predecessor-version":[{"id":9355,"href":"https:\/\/cafecommessias.com.br\/index.php?rest_route=\/wp\/v2\/posts\/9353\/revisions\/9355"}],"wp:featuredmedia":[{"embeddable":true,"href":"https:\/\/cafecommessias.com.br\/index.php?rest_route=\/wp\/v2\/media\/9354"}],"wp:attachment":[{"href":"https:\/\/cafecommessias.com.br\/index.php?rest_route=%2Fwp%2Fv2%2Fmedia&parent=9353"}],"wp:term":[{"taxonomy":"category","embeddable":true,"href":"https:\/\/cafecommessias.com.br\/index.php?rest_route=%2Fwp%2Fv2%2Fcategories&post=9353"},{"taxonomy":"post_tag","embeddable":true,"href":"https:\/\/cafecommessias.com.br\/index.php?rest_route=%2Fwp%2Fv2%2Ftags&post=9353"}],"curies":[{"name":"wp","href":"https:\/\/api.w.org\/{rel}","templated":true}]}}