{"id":943,"date":"2025-07-18T18:29:09","date_gmt":"2025-07-18T21:29:09","guid":{"rendered":"https:\/\/cafecommessias.com.br\/?p=943"},"modified":"2025-07-18T18:29:34","modified_gmt":"2025-07-18T21:29:34","slug":"policia-identifica-suspeitos-de-envolvimento-na-morte-de-empresario-encontrado-em-buraco-no-autodromo-de-interlagos-em-sp","status":"publish","type":"post","link":"https:\/\/cafecommessias.com.br\/?p=943","title":{"rendered":"Pol\u00edcia identifica suspeitos de envolvimento na morte de empres\u00e1rio encontrado em buraco no Aut\u00f3dromo de Interlagos em SP"},"content":{"rendered":"\n<p>A Pol\u00edcia Civil identificou cinco suspeitos de envolvimento na morte do empres\u00e1rio Adalberto Amarilio J\u00fanior,\u00a0<a class=\"\" href=\"https:\/\/g1.globo.com\/sp\/sao-paulo\/noticia\/2025\/06\/02\/homem-desaparece-apos-dizer-a-amigo-que-buscaria-carro-em-estacionamento-do-autodromo-de-interlagos.ghtml\">encontrado dentro de um buraco no Aut\u00f3dromo de Interlagos<\/a>, na Zona Sul de\u00a0<a class=\"\" href=\"https:\/\/g1.globo.com\/sp\/sao-paulo\/cidade\/sao-paulo\/\">S\u00e3o Paulo<\/a>.\u00a0<a class=\"\" href=\"https:\/\/g1.globo.com\/sp\/sao-paulo\/noticia\/2025\/07\/18\/suspeito-de-envolvimento-na-morte-de-empresario-achado-em-buraco-no-autodromo-e-lutador-de-jiu-jitsu-e-fazia-seguranca-do-evento.ghtml\">Um deles \u00e9 seguran\u00e7a, lutador de jiu-jitsu e tem passagem pela pol\u00edcia por furto, associa\u00e7\u00e3o criminosa e amea\u00e7a<\/a>A Pol\u00edcia Civil identificou cinco suspeitos de envolvimento na morte do empres\u00e1rio Adalberto Amarilio J\u00fanior,\u00a0<a class=\"\" href=\"https:\/\/g1.globo.com\/sp\/sao-paulo\/noticia\/2025\/06\/02\/homem-desaparece-apos-dizer-a-amigo-que-buscaria-carro-em-estacionamento-do-autodromo-de-interlagos.ghtml\">encontrado dentro de um buraco no Aut\u00f3dromo de Interlagos<\/a>, na Zona Sul de\u00a0<a class=\"\" href=\"https:\/\/g1.globo.com\/sp\/sao-paulo\/cidade\/sao-paulo\/\">S\u00e3o Paulo<\/a>.\u00a0<a class=\"\" href=\"https:\/\/g1.globo.com\/sp\/sao-paulo\/noticia\/2025\/07\/18\/suspeito-de-envolvimento-na-morte-de-empresario-achado-em-buraco-no-autodromo-e-lutador-de-jiu-jitsu-e-fazia-seguranca-do-evento.ghtml\">Um deles \u00e9 seguran\u00e7a, lutador de jiu-jitsu e tem passagem pela pol\u00edcia por furto, associa\u00e7\u00e3o criminosa e amea\u00e7a<\/a><\/p>\n\n\n\n<p>Segundo a Pol\u00edcia Civil, investigadores constataram que&nbsp;<strong>os nomes de dois funcion\u00e1rios ligados \u00e0 seguran\u00e7a do evento e que exerciam fun\u00e7\u00f5es de lideran\u00e7a n\u00e3o foram colocados na lista fornecida pela empresa \u00e0 pol\u00edcia<\/strong>, o que acendeu um alerta.<\/p>\n\n\n\n<p>Com isso, cinco mandados de busca e apreens\u00e3o foram cumpridos nesta sexta-feira (18) na capital paulista. Quatro pessoas foram conduzidas \u00e0 delegacia para serem ouvidas. O quinto suspeito n\u00e3o foi encontrado. Os investigadores apreenderam cinco notebooks e sete celulares, que ser\u00e3o periciados.<\/p>\n\n\n\n<p><strong>LEIA MAIS<\/strong><\/p>\n\n\n\n<ul class=\"wp-block-list\">\n<li><a class=\"\" href=\"https:\/\/g1.globo.com\/sp\/sao-paulo\/noticia\/2025\/07\/18\/morte-no-autodromo-de-interlagos-empresa-de-seguranca-omitiu-nomes-de-suspeitos-em-lista-de-funcionarios-que-trabalharam-no-dia-do-evento.ghtml\">E<\/a><a class=\"\" href=\"https:\/\/g1.globo.com\/sp\/sao-paulo\/noticia\/2025\/07\/18\/morte-no-autodromo-de-interlagos-empresa-de-seguranca-omitiu-nomes-de-suspeitos-em-lista-de-funcionarios-que-trabalharam-no-dia-do-evento.ghtml\">mpresa de seguran\u00e7a omitiu nomes de suspeitos em lista de funcion\u00e1rios que trabalharam no dia do evento<\/a><\/li>\n<\/ul>\n\n\n\n<p>Ainda segundo a pol\u00edcia, um dos suspeitos ouvidos nesta sexta&nbsp;<a class=\"\" href=\"https:\/\/g1.globo.com\/sp\/sao-paulo\/noticia\/2025\/07\/18\/suspeito-de-envolvimento-na-morte-de-empresario-achado-em-buraco-no-autodromo-e-lutador-de-jiu-jitsu-e-fazia-seguranca-do-evento.ghtml\">\u00e9 lutador de jiu-jitsu e tem antecedentes criminais por furto, associa\u00e7\u00e3o criminosa e amea\u00e7a.<\/a>&nbsp;Ele \u00e9 um dos nomes que n\u00e3o estava na lista fornecida pela empresa como funcion\u00e1rio.<\/p>\n\n\n\n<p>Durante o cumprimento do mandado, foram encontradas 21 muni\u00e7\u00f5es de calibre 38. Indagado, o homem n\u00e3o soube explicar o motivo de ter as muni\u00e7\u00f5es dentro do im\u00f3vel. Ele foi autuado em flagrante, mas pagou fian\u00e7a e foi liberado depois de ser ouvido.<\/p>\n\n\n\n<p>&#8220;\u00c9 um caso complexo, temos que investigar com calma e hoje a Pol\u00edcia Civil deu um passo nas investiga\u00e7\u00f5es. Foram conduzidas quatro pessoas, sendo um representante da empresa e tr\u00eas pessoas ligadas \u00e0 seguran\u00e7a. Estranhamente duas dessas pessoas n\u00e3o estavam na lista que a empresa forneceu. Eles estavam na posi\u00e7\u00e3o de mando. Conseguimos uma outra lista que n\u00e3o bateu com a lista que a empresa forneceu&#8221;, afirmou o secret\u00e1rio-executivo da Seguran\u00e7a P\u00fablica, Nico Gon\u00e7alves, durante coletiva de imprensa.<\/p>\n\n\n\n<p><sub>Por G1<\/sub><\/p>\n","protected":false},"excerpt":{"rendered":"<p>A Pol\u00edcia Civil identificou cinco suspeitos de envolvimento na morte do empres\u00e1rio Adalberto Amarilio J\u00fanior,\u00a0encontrado dentro de um buraco no Aut\u00f3dromo de Interlagos, na Zona Sul de\u00a0S\u00e3o Paulo.\u00a0Um deles \u00e9 seguran\u00e7a, lutador de jiu-jitsu e tem passagem pela pol\u00edcia por furto, associa\u00e7\u00e3o criminosa e amea\u00e7aA Pol\u00edcia Civil identificou cinco suspeitos de envolvimento na morte do&#8230;<\/p>\n","protected":false},"author":1,"featured_media":944,"comment_status":"open","ping_status":"closed","sticky":false,"template":"","format":"standard","meta":{"footnotes":""},"categories":[23],"tags":[],"class_list":["post-943","post","type-post","status-publish","format-standard","has-post-thumbnail","hentry","category-crime"],"_links":{"self":[{"href":"https:\/\/cafecommessias.com.br\/index.php?rest_route=\/wp\/v2\/posts\/943","targetHints":{"allow":["GET"]}}],"collection":[{"href":"https:\/\/cafecommessias.com.br\/index.php?rest_route=\/wp\/v2\/posts"}],"about":[{"href":"https:\/\/cafecommessias.com.br\/index.php?rest_route=\/wp\/v2\/types\/post"}],"author":[{"embeddable":true,"href":"https:\/\/cafecommessias.com.br\/index.php?rest_route=\/wp\/v2\/users\/1"}],"replies":[{"embeddable":true,"href":"https:\/\/cafecommessias.com.br\/index.php?rest_route=%2Fwp%2Fv2%2Fcomments&post=943"}],"version-history":[{"count":1,"href":"https:\/\/cafecommessias.com.br\/index.php?rest_route=\/wp\/v2\/posts\/943\/revisions"}],"predecessor-version":[{"id":945,"href":"https:\/\/cafecommessias.com.br\/index.php?rest_route=\/wp\/v2\/posts\/943\/revisions\/945"}],"wp:featuredmedia":[{"embeddable":true,"href":"https:\/\/cafecommessias.com.br\/index.php?rest_route=\/wp\/v2\/media\/944"}],"wp:attachment":[{"href":"https:\/\/cafecommessias.com.br\/index.php?rest_route=%2Fwp%2Fv2%2Fmedia&parent=943"}],"wp:term":[{"taxonomy":"category","embeddable":true,"href":"https:\/\/cafecommessias.com.br\/index.php?rest_route=%2Fwp%2Fv2%2Fcategories&post=943"},{"taxonomy":"post_tag","embeddable":true,"href":"https:\/\/cafecommessias.com.br\/index.php?rest_route=%2Fwp%2Fv2%2Ftags&post=943"}],"curies":[{"name":"wp","href":"https:\/\/api.w.org\/{rel}","templated":true}]}}