{"id":9503,"date":"2026-02-18T07:47:43","date_gmt":"2026-02-18T10:47:43","guid":{"rendered":"https:\/\/cafecommessias.com.br\/?p=9503"},"modified":"2026-02-18T07:47:59","modified_gmt":"2026-02-18T10:47:59","slug":"investigacao-sobre-vazamento-de-dados-azeda-de-vez-clima-no-stf","status":"publish","type":"post","link":"https:\/\/cafecommessias.com.br\/?p=9503","title":{"rendered":"Investiga\u00e7\u00e3o sobre vazamento de dados azeda de vez clima no STF"},"content":{"rendered":"\n<p>A decis\u00e3o do ministro&nbsp;Alexandre de Moraes&nbsp;de determinar investiga\u00e7\u00e3o sobre o vazamento de dados fiscais de integrantes do&nbsp;Supremo Tribunal Federal&nbsp;agravou o clima interno na Corte, que j\u00e1 vinha desgastado nas \u00faltimas semanas em meio \u00e0s disputas relacionadas ao Caso Master.<\/p>\n\n\n\n<p>A informa\u00e7\u00e3o \u00e9 do colunista Igor Gadelha, do&nbsp;<strong><em>Metr\u00f3poles<\/em><\/strong>. Nos bastidores, ministros que costumam divergir de Moraes criticaram a medida, avaliando que a solicita\u00e7\u00e3o feita \u00e0 Receita Federal deveria partir exclusivamente do presidente do STF,&nbsp;Edson Fachin. Para esses magistrados, a decis\u00e3o teria sido tomada sem comunica\u00e7\u00e3o pr\u00e9via aos demais colegas, aumentando a sensa\u00e7\u00e3o de desconforto dentro do tribunal.<\/p>\n\n\n\n<p>Outro ponto que gerou rea\u00e7\u00e3o foi o fato de a dilig\u00eancia ter sido determinada no \u00e2mbito do inqu\u00e9rito das fake news, que corre sob sigilo. Segundo relatos reservados, alguns ministros consideram inadequado o uso desse procedimento para apurar o caso e classificam a iniciativa como excessiva, num momento de forte tens\u00e3o institucional.<\/p>\n\n\n\n<p>Por outro lado, aliados de Moraes defendem a medida e afirmam que n\u00e3o h\u00e1 irregularidade na decis\u00e3o. Eles lembram que a investiga\u00e7\u00e3o sobre servidores da Receita suspeitos de acessar dados sigilosos teria sido solicitada pela Procuradoria-Geral da Rep\u00fablica, e que o objetivo \u00e9 identificar respons\u00e1veis por ataques e vazamentos envolvendo membros da Corte.<\/p>\n\n\n\n<p>O epis\u00f3dio, por\u00e9m, amplia a divis\u00e3o interna no STF e refor\u00e7a o cen\u00e1rio de desgaste entre ministros, em um momento em que a institui\u00e7\u00e3o enfrenta press\u00e3o externa e debates intensos sobre sua atua\u00e7\u00e3o em casos de grande repercuss\u00e3o pol\u00edtica.<\/p>\n\n\n\n<p><em><sub>Por Blogdobg<\/sub><\/em><\/p>\n","protected":false},"excerpt":{"rendered":"<p>A decis\u00e3o do ministro&nbsp;Alexandre de Moraes&nbsp;de determinar investiga\u00e7\u00e3o sobre o vazamento de dados fiscais de integrantes do&nbsp;Supremo Tribunal Federal&nbsp;agravou o clima interno na Corte, que j\u00e1 vinha desgastado nas \u00faltimas semanas em meio \u00e0s disputas relacionadas ao Caso Master. A informa\u00e7\u00e3o \u00e9 do colunista Igor Gadelha, do&nbsp;Metr\u00f3poles. Nos bastidores, ministros que costumam divergir de Moraes&#8230;<\/p>\n","protected":false},"author":1,"featured_media":9504,"comment_status":"open","ping_status":"closed","sticky":false,"template":"","format":"standard","meta":{"footnotes":""},"categories":[3],"tags":[],"class_list":["post-9503","post","type-post","status-publish","format-standard","has-post-thumbnail","hentry","category-geral"],"_links":{"self":[{"href":"https:\/\/cafecommessias.com.br\/index.php?rest_route=\/wp\/v2\/posts\/9503","targetHints":{"allow":["GET"]}}],"collection":[{"href":"https:\/\/cafecommessias.com.br\/index.php?rest_route=\/wp\/v2\/posts"}],"about":[{"href":"https:\/\/cafecommessias.com.br\/index.php?rest_route=\/wp\/v2\/types\/post"}],"author":[{"embeddable":true,"href":"https:\/\/cafecommessias.com.br\/index.php?rest_route=\/wp\/v2\/users\/1"}],"replies":[{"embeddable":true,"href":"https:\/\/cafecommessias.com.br\/index.php?rest_route=%2Fwp%2Fv2%2Fcomments&post=9503"}],"version-history":[{"count":1,"href":"https:\/\/cafecommessias.com.br\/index.php?rest_route=\/wp\/v2\/posts\/9503\/revisions"}],"predecessor-version":[{"id":9505,"href":"https:\/\/cafecommessias.com.br\/index.php?rest_route=\/wp\/v2\/posts\/9503\/revisions\/9505"}],"wp:featuredmedia":[{"embeddable":true,"href":"https:\/\/cafecommessias.com.br\/index.php?rest_route=\/wp\/v2\/media\/9504"}],"wp:attachment":[{"href":"https:\/\/cafecommessias.com.br\/index.php?rest_route=%2Fwp%2Fv2%2Fmedia&parent=9503"}],"wp:term":[{"taxonomy":"category","embeddable":true,"href":"https:\/\/cafecommessias.com.br\/index.php?rest_route=%2Fwp%2Fv2%2Fcategories&post=9503"},{"taxonomy":"post_tag","embeddable":true,"href":"https:\/\/cafecommessias.com.br\/index.php?rest_route=%2Fwp%2Fv2%2Ftags&post=9503"}],"curies":[{"name":"wp","href":"https:\/\/api.w.org\/{rel}","templated":true}]}}