{"id":9510,"date":"2026-02-18T07:55:12","date_gmt":"2026-02-18T10:55:12","guid":{"rendered":"https:\/\/cafecommessias.com.br\/?p=9510"},"modified":"2026-02-18T07:55:28","modified_gmt":"2026-02-18T10:55:28","slug":"planalto-ve-desfile-em-homenagem-a-lula-como-erro-estrategico-e-tenta-conter-desgaste","status":"publish","type":"post","link":"https:\/\/cafecommessias.com.br\/?p=9510","title":{"rendered":"Planalto v\u00ea desfile em homenagem a Lula como erro estrat\u00e9gico e tenta conter desgaste"},"content":{"rendered":"\n<p>A repercuss\u00e3o do desfile da&nbsp;Acad\u00eamicos de Niter\u00f3i&nbsp;provocou desconforto dentro do pr\u00f3prio governo. Avalia\u00e7\u00f5es internas no Pal\u00e1cio do Planalto indicam que a homenagem ao presidente&nbsp;Luiz In\u00e1cio Lula da Silva&nbsp;teve impacto negativo, especialmente junto ao p\u00fablico evang\u00e9lico \u2014 segmento que o PT tenta reconquistar desde a \u00faltima elei\u00e7\u00e3o.<\/p>\n\n\n\n<p>A informa\u00e7\u00e3o \u00e9 do colunista Lauro Jardim, do jornal&nbsp;<strong><em>O Globo<\/em><\/strong>. De acordo com relatos de dirigentes petistas, levantamentos e monitoramentos internos apontaram rejei\u00e7\u00e3o ao conjunto do desfile. O maior inc\u00f4modo teria sido uma ala que representava a chamada \u201cfam\u00edlia tradicional\u201d dentro de uma lata de conservas, interpreta\u00e7\u00e3o vista por integrantes do governo como prejudicial \u00e0 estrat\u00e9gia de aproxima\u00e7\u00e3o com eleitores conservadores. Nos bastidores, lideran\u00e7as admitem que o epis\u00f3dio dificultou pontes que vinham sendo constru\u00eddas com lideran\u00e7as religiosas.<\/p>\n\n\n\n<p>Um ministro ouvido reservadamente chegou a afirmar que a alegoria seria a demonstra\u00e7\u00e3o de que o governo n\u00e3o interferiu na concep\u00e7\u00e3o art\u00edstica da escola. A avalia\u00e7\u00e3o \u00e9 que, se houvesse participa\u00e7\u00e3o direta do Planalto, o tom adotado teria sido diferente para evitar ru\u00eddos com setores mais sens\u00edveis do eleitorado.<\/p>\n\n\n\n<p>Diante da repercuss\u00e3o, o PT iniciou movimento para reduzir a temperatura do debate. O presidente da legenda,&nbsp;Edinho Silva, afirmou que a escola teve total autonomia criativa e classificou como descabidas as tentativas de responsabilizar Lula pelo conte\u00fado apresentado na avenida. Segundo ele, o presidente mant\u00e9m respeito pelas comunidades evang\u00e9licas e suas lideran\u00e7as.<\/p>\n\n\n\n<p>Apesar da tentativa de conten\u00e7\u00e3o, o epis\u00f3dio ampliou o debate pol\u00edtico nas redes sociais e exp\u00f4s, mais uma vez, o desafio do governo em equilibrar sua base progressista com o di\u00e1logo junto a setores conservadores do pa\u00eds.<\/p>\n\n\n\n<p><a href=\"https:\/\/www.blogdobg.com.br\/planalto-ve-desfile-em-homenagem-a-lula-como-erro-estrategico-e-tenta-conter-desgaste\/#comentarios\"><\/a><\/p>\n\n\n\n<p><a href=\"tg:\/\/msg?text=https%3A%2F%2Fwww.blogdobg.com.br%2Fplanalto-ve-desfile-em-homenagem-a-lula-como-erro-estrategico-e-tenta-conter-desgaste%2F%20Planalto%20v%C3%AA%20desfile%20em%20homenagem%20a%20Lula%20como%20erro%20estrat%C3%A9gico%20e%20tenta%20conter%20desgaste\"><\/a><\/p>\n","protected":false},"excerpt":{"rendered":"<p>A repercuss\u00e3o do desfile da&nbsp;Acad\u00eamicos de Niter\u00f3i&nbsp;provocou desconforto dentro do pr\u00f3prio governo. Avalia\u00e7\u00f5es internas no Pal\u00e1cio do Planalto indicam que a homenagem ao presidente&nbsp;Luiz In\u00e1cio Lula da Silva&nbsp;teve impacto negativo, especialmente junto ao p\u00fablico evang\u00e9lico \u2014 segmento que o PT tenta reconquistar desde a \u00faltima elei\u00e7\u00e3o. A informa\u00e7\u00e3o \u00e9 do colunista Lauro Jardim, do jornal&nbsp;O&#8230;<\/p>\n","protected":false},"author":1,"featured_media":9511,"comment_status":"open","ping_status":"closed","sticky":false,"template":"","format":"standard","meta":{"footnotes":""},"categories":[3],"tags":[],"class_list":["post-9510","post","type-post","status-publish","format-standard","has-post-thumbnail","hentry","category-geral"],"_links":{"self":[{"href":"https:\/\/cafecommessias.com.br\/index.php?rest_route=\/wp\/v2\/posts\/9510","targetHints":{"allow":["GET"]}}],"collection":[{"href":"https:\/\/cafecommessias.com.br\/index.php?rest_route=\/wp\/v2\/posts"}],"about":[{"href":"https:\/\/cafecommessias.com.br\/index.php?rest_route=\/wp\/v2\/types\/post"}],"author":[{"embeddable":true,"href":"https:\/\/cafecommessias.com.br\/index.php?rest_route=\/wp\/v2\/users\/1"}],"replies":[{"embeddable":true,"href":"https:\/\/cafecommessias.com.br\/index.php?rest_route=%2Fwp%2Fv2%2Fcomments&post=9510"}],"version-history":[{"count":1,"href":"https:\/\/cafecommessias.com.br\/index.php?rest_route=\/wp\/v2\/posts\/9510\/revisions"}],"predecessor-version":[{"id":9512,"href":"https:\/\/cafecommessias.com.br\/index.php?rest_route=\/wp\/v2\/posts\/9510\/revisions\/9512"}],"wp:featuredmedia":[{"embeddable":true,"href":"https:\/\/cafecommessias.com.br\/index.php?rest_route=\/wp\/v2\/media\/9511"}],"wp:attachment":[{"href":"https:\/\/cafecommessias.com.br\/index.php?rest_route=%2Fwp%2Fv2%2Fmedia&parent=9510"}],"wp:term":[{"taxonomy":"category","embeddable":true,"href":"https:\/\/cafecommessias.com.br\/index.php?rest_route=%2Fwp%2Fv2%2Fcategories&post=9510"},{"taxonomy":"post_tag","embeddable":true,"href":"https:\/\/cafecommessias.com.br\/index.php?rest_route=%2Fwp%2Fv2%2Ftags&post=9510"}],"curies":[{"name":"wp","href":"https:\/\/api.w.org\/{rel}","templated":true}]}}