{"id":9519,"date":"2026-02-18T12:38:52","date_gmt":"2026-02-18T15:38:52","guid":{"rendered":"https:\/\/cafecommessias.com.br\/?p=9519"},"modified":"2026-02-18T12:39:06","modified_gmt":"2026-02-18T15:39:06","slug":"veja-o-que-lula-vetou-e-o-que-manteve-no-projeto-de-reajuste-para-servidores-da-camara-senado-e-tcu","status":"publish","type":"post","link":"https:\/\/cafecommessias.com.br\/?p=9519","title":{"rendered":"Veja o que Lula vetou e o que manteve no projeto de reajuste para servidores da C\u00e2mara, Senado e TCU"},"content":{"rendered":"\n<p>O presidente Luiz In\u00e1cio&nbsp;Lula&nbsp;da Silva vetou nesta quarta-feira o dispositivo que criava a licen\u00e7a compensat\u00f3ria para servidores do Congresso Nacional e Tribunal de Contas da Uni\u00e3o (TCU).<\/p>\n\n\n\n<p>Os trechos foram inclu\u00eddos em projetos que previam reajuste salarial para carreiras dos \u00f3rg\u00e3os em cerca de 9% neste ano, al\u00e9m de criar outras benesses aos servidores do Legislativo.<\/p>\n\n\n\n<p>O aumento para 2026 foi sancionado por Lula, mas o presidente vetou os reajustes previstos para 2027, 2028 e 2029. Segundo o Pal\u00e1cio do Planalto, os trechos foram derrubados pois a Lei de Responsabilidade Fiscal pro\u00edbe a cria\u00e7\u00e3o de despesas obrigat\u00f3rias no fim do atual mandato, que se encerra em dezembro.<\/p>\n\n\n\n<p><strong>O que foi mantido<\/strong><\/p>\n\n\n\n<ul class=\"wp-block-list\">\n<li>Aumento em cerca de 9% para servidores da C\u00e2mara, Senado e TCU em 2026<\/li>\n\n\n\n<li>Substitui\u00e7\u00e3o de gratifica\u00e7\u00f5es pagas a servidores do Congresso. \u00c9 um benef\u00edcio limitado pelo teto constitucional, que pode ir de 40% (no m\u00ednimo) a 100% (no m\u00e1ximo) do vencimento b\u00e1sico do cargo ocupado pelo servidor<\/li>\n\n\n\n<li>Amplia\u00e7\u00e3o do n\u00famero de cargos, a eleva\u00e7\u00e3o dos n\u00edveis de fun\u00e7\u00f5es de confian\u00e7a e a exig\u00eancia de n\u00edvel superior para carreiras do TCU<\/li>\n\n\n\n<li>Reconhecimento de carreiras no Legislativo como careirras de Estado<\/li>\n<\/ul>\n\n\n\n<p><strong>O que foi vetado<\/strong><\/p>\n\n\n\n<ul class=\"wp-block-list\">\n<li>Pagamentos retroativos (com verbas de exerc\u00edcios anteriores) de benef\u00edcios para servidores<\/li>\n\n\n\n<li>Licen\u00e7a compensat\u00f3ria para fun\u00e7\u00f5es comissionadas e de assessoramento, com possibilidade de convers\u00e3o em indeniza\u00e7\u00e3o, resultando em valores que poderiam ultrapassar o teto constitucional do servi\u00e7o p\u00fablico<\/li>\n\n\n\n<li>Regras que previam forma de c\u00e1lculo semestral para aposentadorias e pens\u00f5es<\/li>\n\n\n\n<li>Reajustes de servidores do Legislativo para os exerc\u00edcios de 2027, 2028 e 2029<\/li>\n<\/ul>\n\n\n\n<p>O veto de Lula aconteceu ap\u00f3s a aprova\u00e7\u00e3o dos projetos no Congresso reacenderam o debate sobre dispositivos criados para furar o teto. Tamb\u00e9m neste m\u00eas, o ministro do Supremo Tribunal Federal (STF) Fl\u00e1vio Dino determinou que os tr\u00eas Poderes revisem \u201cpenduricalhos\u201d das folhas de sal\u00e1rios do funcionalismo.<\/p>\n\n\n\n<p>Segundo o Or\u00e7amento de 2026, o projeto parcialmente vetado por Lula teria um impacto de R$ 790 milh\u00f5es neste ano, valor que ser\u00e1 diminu\u00eddo com a derrubada de benef\u00edcios.<\/p>\n\n\n\n<p><em><sub>Por O Globo<\/sub><\/em><\/p>\n\n\n\n<p><\/p>\n","protected":false},"excerpt":{"rendered":"<p>O presidente Luiz In\u00e1cio&nbsp;Lula&nbsp;da Silva vetou nesta quarta-feira o dispositivo que criava a licen\u00e7a compensat\u00f3ria para servidores do Congresso Nacional e Tribunal de Contas da Uni\u00e3o (TCU). Os trechos foram inclu\u00eddos em projetos que previam reajuste salarial para carreiras dos \u00f3rg\u00e3os em cerca de 9% neste ano, al\u00e9m de criar outras benesses aos servidores do&#8230;<\/p>\n","protected":false},"author":1,"featured_media":9520,"comment_status":"open","ping_status":"closed","sticky":false,"template":"","format":"standard","meta":{"footnotes":""},"categories":[3],"tags":[],"class_list":["post-9519","post","type-post","status-publish","format-standard","has-post-thumbnail","hentry","category-geral"],"_links":{"self":[{"href":"https:\/\/cafecommessias.com.br\/index.php?rest_route=\/wp\/v2\/posts\/9519","targetHints":{"allow":["GET"]}}],"collection":[{"href":"https:\/\/cafecommessias.com.br\/index.php?rest_route=\/wp\/v2\/posts"}],"about":[{"href":"https:\/\/cafecommessias.com.br\/index.php?rest_route=\/wp\/v2\/types\/post"}],"author":[{"embeddable":true,"href":"https:\/\/cafecommessias.com.br\/index.php?rest_route=\/wp\/v2\/users\/1"}],"replies":[{"embeddable":true,"href":"https:\/\/cafecommessias.com.br\/index.php?rest_route=%2Fwp%2Fv2%2Fcomments&post=9519"}],"version-history":[{"count":1,"href":"https:\/\/cafecommessias.com.br\/index.php?rest_route=\/wp\/v2\/posts\/9519\/revisions"}],"predecessor-version":[{"id":9521,"href":"https:\/\/cafecommessias.com.br\/index.php?rest_route=\/wp\/v2\/posts\/9519\/revisions\/9521"}],"wp:featuredmedia":[{"embeddable":true,"href":"https:\/\/cafecommessias.com.br\/index.php?rest_route=\/wp\/v2\/media\/9520"}],"wp:attachment":[{"href":"https:\/\/cafecommessias.com.br\/index.php?rest_route=%2Fwp%2Fv2%2Fmedia&parent=9519"}],"wp:term":[{"taxonomy":"category","embeddable":true,"href":"https:\/\/cafecommessias.com.br\/index.php?rest_route=%2Fwp%2Fv2%2Fcategories&post=9519"},{"taxonomy":"post_tag","embeddable":true,"href":"https:\/\/cafecommessias.com.br\/index.php?rest_route=%2Fwp%2Fv2%2Ftags&post=9519"}],"curies":[{"name":"wp","href":"https:\/\/api.w.org\/{rel}","templated":true}]}}