{"id":9525,"date":"2026-02-18T12:42:53","date_gmt":"2026-02-18T15:42:53","guid":{"rendered":"https:\/\/cafecommessias.com.br\/?p=9525"},"modified":"2026-02-18T12:43:05","modified_gmt":"2026-02-18T15:43:05","slug":"desfile-em-homenagem-a-lula-foi-um-desastre-na-avaliacao-do-pt-e-do-planalto","status":"publish","type":"post","link":"https:\/\/cafecommessias.com.br\/?p=9525","title":{"rendered":"Desfile em homenagem a Lula foi um desastre na avalia\u00e7\u00e3o do PT e do Planalto"},"content":{"rendered":"\n<p>Todas as pesquisas e trackings que o Pal\u00e1cio do Planalto teve acesso apontam numa s\u00f3 dire\u00e7\u00e3o: foi catastr\u00f3fico para Lula o desfile da Acad\u00eamicos de Niter\u00f3i.<\/p>\n\n\n\n<p>N\u00e3o s\u00f3 o&nbsp;conjunto da obra n\u00e3o agradou a quem a essa altura o governo deveria querer seduzir \u2014 os evang\u00e9licos. Foi pior: a ala que representou a \u201cfam\u00edlia tradicional\u201d dentro de uma lata de conservas est\u00e1 sendo vista no pr\u00f3prio governo como o s\u00edmbolo do desastre.<\/p>\n\n\n\n<p>\u201cTodo um trabalho de aproxima\u00e7\u00e3o com os evang\u00e9licos foi jogado fora\u201d, diz um l\u00edder petista.<\/p>\n\n\n\n<p>Um ministro de Lula chega a dizer que essa ala \u00e9 a \u201cprova de que o governo n\u00e3o teve qualquer interfer\u00eancia na concep\u00e7\u00e3o do desfile\u201d.<\/p>\n\n\n\n<p>O fato \u00e9 que o PT j\u00e1 come\u00e7ou desde ontem a tentar baixar o fogo.<\/p>\n\n\n\n<p>Diz Edinho Silva, presidente do PT:<\/p>\n\n\n\n<p>\u2014 A Acad\u00eamicos&nbsp;de Niter\u00f3i teve e tem autonomia para definir seu enredo e suas alegorias, tentar utilizar uma constru\u00e7\u00e3o da escola para atacar o presidente Lula chega a ser rid\u00edculo; todos sabem do respeito que ele tem pela comunidade evang\u00e9lica, e pelas suas lideran\u00e7as.<\/p>\n\n\n\n<p><em><sub>Por Lauro Jardim \u2013 O Globo<\/sub><\/em><\/p>\n\n\n\n<p><\/p>\n","protected":false},"excerpt":{"rendered":"<p>Todas as pesquisas e trackings que o Pal\u00e1cio do Planalto teve acesso apontam numa s\u00f3 dire\u00e7\u00e3o: foi catastr\u00f3fico para Lula o desfile da Acad\u00eamicos de Niter\u00f3i. N\u00e3o s\u00f3 o&nbsp;conjunto da obra n\u00e3o agradou a quem a essa altura o governo deveria querer seduzir \u2014 os evang\u00e9licos. Foi pior: a ala que representou a \u201cfam\u00edlia tradicional\u201d&#8230;<\/p>\n","protected":false},"author":1,"featured_media":9526,"comment_status":"open","ping_status":"closed","sticky":false,"template":"","format":"standard","meta":{"footnotes":""},"categories":[37],"tags":[],"class_list":["post-9525","post","type-post","status-publish","format-standard","has-post-thumbnail","hentry","category-brasil"],"_links":{"self":[{"href":"https:\/\/cafecommessias.com.br\/index.php?rest_route=\/wp\/v2\/posts\/9525","targetHints":{"allow":["GET"]}}],"collection":[{"href":"https:\/\/cafecommessias.com.br\/index.php?rest_route=\/wp\/v2\/posts"}],"about":[{"href":"https:\/\/cafecommessias.com.br\/index.php?rest_route=\/wp\/v2\/types\/post"}],"author":[{"embeddable":true,"href":"https:\/\/cafecommessias.com.br\/index.php?rest_route=\/wp\/v2\/users\/1"}],"replies":[{"embeddable":true,"href":"https:\/\/cafecommessias.com.br\/index.php?rest_route=%2Fwp%2Fv2%2Fcomments&post=9525"}],"version-history":[{"count":1,"href":"https:\/\/cafecommessias.com.br\/index.php?rest_route=\/wp\/v2\/posts\/9525\/revisions"}],"predecessor-version":[{"id":9527,"href":"https:\/\/cafecommessias.com.br\/index.php?rest_route=\/wp\/v2\/posts\/9525\/revisions\/9527"}],"wp:featuredmedia":[{"embeddable":true,"href":"https:\/\/cafecommessias.com.br\/index.php?rest_route=\/wp\/v2\/media\/9526"}],"wp:attachment":[{"href":"https:\/\/cafecommessias.com.br\/index.php?rest_route=%2Fwp%2Fv2%2Fmedia&parent=9525"}],"wp:term":[{"taxonomy":"category","embeddable":true,"href":"https:\/\/cafecommessias.com.br\/index.php?rest_route=%2Fwp%2Fv2%2Fcategories&post=9525"},{"taxonomy":"post_tag","embeddable":true,"href":"https:\/\/cafecommessias.com.br\/index.php?rest_route=%2Fwp%2Fv2%2Ftags&post=9525"}],"curies":[{"name":"wp","href":"https:\/\/api.w.org\/{rel}","templated":true}]}}