{"id":9528,"date":"2026-02-18T13:02:43","date_gmt":"2026-02-18T16:02:43","guid":{"rendered":"https:\/\/cafecommessias.com.br\/?p=9528"},"modified":"2026-02-18T13:02:59","modified_gmt":"2026-02-18T16:02:59","slug":"ministros-citam-agravamento-de-crise-no-stf-e-veem-moraes-dobrar-aposta-com-a-conducao-da-apuracao-sobre-vazamento-de-dados-da-receita","status":"publish","type":"post","link":"https:\/\/cafecommessias.com.br\/?p=9528","title":{"rendered":"Ministros citam agravamento de crise no STF e veem Moraes dobrar aposta com a condu\u00e7\u00e3o da apura\u00e7\u00e3o sobre vazamento de dados da Receita"},"content":{"rendered":"\n<p>A opera\u00e7\u00e3o autorizada pelo ministro Alexandre de Moraes, do Supremo Tribunal Federal, para investigar acessos e supostos vazamentos de dados por servidores da Pol\u00edcia Federal gerou inc\u00f4modo entre integrantes da pr\u00f3pria Corte.<\/p>\n\n\n\n<p>Ministros, inclusive aliados de Moraes, relataram desconforto com a condu\u00e7\u00e3o da apura\u00e7\u00e3o, citando a falta de consulta pr\u00e9via aos colegas. H\u00e1 cr\u00edticas ao fato de o procedimento ter sido aberto de of\u00edcio e de a Procuradoria-Geral da Rep\u00fablica n\u00e3o ter remetido a representa\u00e7\u00e3o ao ent\u00e3o presidente do STF, Edson Fachin, que estava de f\u00e9rias.<\/p>\n\n\n\n<p>Nos bastidores, cresce o temor de que a postura adotada aprofunde a crise de credibilidade do Supremo, j\u00e1 abalada por efeitos colaterais do caso Master, e passe a imagem de \u201cautoblindagem\u201d institucional. Magistrados afirmam n\u00e3o conhecer a real dimens\u00e3o das irregularidades investigadas e questionam a vincula\u00e7\u00e3o do caso ao inqu\u00e9rito das fake news, aberto em 2019 e sem prazo para conclus\u00e3o.<\/p>\n\n\n\n<p>A opera\u00e7\u00e3o desta ter\u00e7a-feira (17) mirou servidores suspeitos de consultar e vazar dados de ministros e familiares, como a advogada Viviane Barci de Moraes, esposa de Moraes. A PF apura se houve motiva\u00e7\u00e3o pol\u00edtica ou financeira, a pedido da PGR.<\/p>\n","protected":false},"excerpt":{"rendered":"<p>A opera\u00e7\u00e3o autorizada pelo ministro Alexandre de Moraes, do Supremo Tribunal Federal, para investigar acessos e supostos vazamentos de dados por servidores da Pol\u00edcia Federal gerou inc\u00f4modo entre integrantes da pr\u00f3pria Corte. Ministros, inclusive aliados de Moraes, relataram desconforto com a condu\u00e7\u00e3o da apura\u00e7\u00e3o, citando a falta de consulta pr\u00e9via aos colegas. H\u00e1 cr\u00edticas ao&#8230;<\/p>\n","protected":false},"author":1,"featured_media":9529,"comment_status":"open","ping_status":"closed","sticky":false,"template":"","format":"standard","meta":{"footnotes":""},"categories":[3],"tags":[],"class_list":["post-9528","post","type-post","status-publish","format-standard","has-post-thumbnail","hentry","category-geral"],"_links":{"self":[{"href":"https:\/\/cafecommessias.com.br\/index.php?rest_route=\/wp\/v2\/posts\/9528","targetHints":{"allow":["GET"]}}],"collection":[{"href":"https:\/\/cafecommessias.com.br\/index.php?rest_route=\/wp\/v2\/posts"}],"about":[{"href":"https:\/\/cafecommessias.com.br\/index.php?rest_route=\/wp\/v2\/types\/post"}],"author":[{"embeddable":true,"href":"https:\/\/cafecommessias.com.br\/index.php?rest_route=\/wp\/v2\/users\/1"}],"replies":[{"embeddable":true,"href":"https:\/\/cafecommessias.com.br\/index.php?rest_route=%2Fwp%2Fv2%2Fcomments&post=9528"}],"version-history":[{"count":1,"href":"https:\/\/cafecommessias.com.br\/index.php?rest_route=\/wp\/v2\/posts\/9528\/revisions"}],"predecessor-version":[{"id":9530,"href":"https:\/\/cafecommessias.com.br\/index.php?rest_route=\/wp\/v2\/posts\/9528\/revisions\/9530"}],"wp:featuredmedia":[{"embeddable":true,"href":"https:\/\/cafecommessias.com.br\/index.php?rest_route=\/wp\/v2\/media\/9529"}],"wp:attachment":[{"href":"https:\/\/cafecommessias.com.br\/index.php?rest_route=%2Fwp%2Fv2%2Fmedia&parent=9528"}],"wp:term":[{"taxonomy":"category","embeddable":true,"href":"https:\/\/cafecommessias.com.br\/index.php?rest_route=%2Fwp%2Fv2%2Fcategories&post=9528"},{"taxonomy":"post_tag","embeddable":true,"href":"https:\/\/cafecommessias.com.br\/index.php?rest_route=%2Fwp%2Fv2%2Ftags&post=9528"}],"curies":[{"name":"wp","href":"https:\/\/api.w.org\/{rel}","templated":true}]}}