{"id":9567,"date":"2026-02-19T09:49:58","date_gmt":"2026-02-19T12:49:58","guid":{"rendered":"https:\/\/cafecommessias.com.br\/?p=9567"},"modified":"2026-02-19T09:50:05","modified_gmt":"2026-02-19T12:50:05","slug":"greve-na-argentina-contra-reforma-de-milei-cancela-quatro-voos-entre-natal-e-buenos-aires","status":"publish","type":"post","link":"https:\/\/cafecommessias.com.br\/?p=9567","title":{"rendered":"Greve na Argentina contra reforma de Milei cancela quatro voos entre Natal e Buenos Aires"},"content":{"rendered":"\n<p>Quatro voos na rota entre Natal e Buenos Aires (Aeroporto de Ezeiza) foram cancelados nesta quinta-feira (19) em raz\u00e3o da greve geral na Argentina. A informa\u00e7\u00e3o foi confirmada pela Zurich Airport Brasil, concession\u00e1ria do Aeroporto Internacional de Natal. O balan\u00e7o inclui chegadas e partidas.<\/p>\n\n\n\n<p>De acordo com o painel do aeroporto, foram canceladas duas partidas com destino a Buenos Aires e duas chegadas vindas da capital argentina, operadas pelas companhias GOL Linhas A\u00e9reas e JetSMART.<\/p>\n\n\n\n<p>Nas partidas, foram afetados os voos 3833 (JetSMART), previsto para 11h35, e 9485 (GOL), das 12h30. J\u00e1 nas chegadas, os cancelamentos envolveram os voos 9484 (GOL), previsto para 10h25, e 3832 (JetSMART), das 10h35, todos na rota com o Aeroporto de Ezeiza, em Buenos Aires.<\/p>\n\n\n\n<p>Em nota, a concession\u00e1ria informou que os cancelamentos ocorreram \u201cem fun\u00e7\u00e3o da greve geral vivenciada na Argentina\u201d e orientou os passageiros a buscarem informa\u00e7\u00f5es diretamente com as companhias a\u00e9reas.<\/p>\n\n\n\n<p>A Zurich Airport Brasil recomenda que passageiros com voos marcados para esta quinta-feira (19) procurem os canais oficiais das respectivas empresas para obter informa\u00e7\u00f5es sobre remarca\u00e7\u00e3o e evitem se deslocar at\u00e9 o aeroporto sem confirma\u00e7\u00e3o pr\u00e9via da situa\u00e7\u00e3o do voo.<\/p>\n\n\n\n<p><strong>Greve na Argentina<\/strong><\/p>\n\n\n\n<p>O governo de Javier Milei anunciou que adotar\u00e1 medidas rigorosas durante a paralisa\u00e7\u00e3o de 24 horas convocada pelo maior sindicato da Argentina contra a reforma trabalhista apoiada pelo presidente. Al\u00e9m de prometer reprimir a greve, o governo tamb\u00e9m divulgou orienta\u00e7\u00f5es espec\u00edficas \u00e0 imprensa diante da paralisa\u00e7\u00e3o.<\/p>\n\n\n\n<p>A reforma que motivou a greve prop\u00f5e modernizar as rela\u00e7\u00f5es de trabalho e reduzir o poder dos sindicatos e os custos trabalhistas. A fim de garantir os 37 votos necess\u00e1rios para sua aprova\u00e7\u00e3o no Senado, o governo \u2013 que conta com 20 senadores pr\u00f3prios \u2013 concordou em modificar alguns artigos a pedido da oposi\u00e7\u00e3o.<\/p>\n\n\n\n<p>A medida foi aprovada, ao contr\u00e1rio de outras iniciativas que naufragaram na C\u00e2mara depois que o governo deu como certo o apoio de outros blocos. O texto agora seguir\u00e1 para a C\u00e2mara dos Deputados, que o debater\u00e1 em mar\u00e7o e poder\u00e1 fazer emendas ou revogar partes do projeto.<\/p>\n\n\n\n<p>Os principais sindicatos do transporte de passageiros aderiram inicialmente ao protesto iniciado nesta quinta-feira: 255 voos foram cancelados, afetando 31 mil passageiros, segundo a companhia a\u00e9rea Aerol\u00edneas Argentinas. Trabalhadores portu\u00e1rios tamb\u00e9m participam da paralisa\u00e7\u00e3o.<\/p>\n\n\n\n<p><sub>por Tribuna do Norte<\/sub><\/p>\n\n\n<div class=\"wp-block-post-author\"><div class=\"wp-block-post-author__avatar\"><img alt='' src='https:\/\/secure.gravatar.com\/avatar\/a62bcf199877d37056dc55ccc32b6decbd05abb46ce616ef4c38b16491e4d91d?s=48&#038;r=g' srcset='https:\/\/secure.gravatar.com\/avatar\/a62bcf199877d37056dc55ccc32b6decbd05abb46ce616ef4c38b16491e4d91d?s=96&#038;r=g 2x' class='avatar avatar-48 photo' height='48' width='48' \/><\/div><div class=\"wp-block-post-author__content\"><p class=\"wp-block-post-author__name\">Blogcafecommessias<\/p><\/div><\/div>\n\n\n<figure class=\"wp-block-image size-large\"><img loading=\"lazy\" decoding=\"async\" width=\"1024\" height=\"158\" src=\"https:\/\/cafecommessias.com.br\/wp-content\/uploads\/2026\/02\/Banner-1-ANO-1300x200px-1024x158.png\" alt=\"\" class=\"wp-image-9568\" srcset=\"https:\/\/cafecommessias.com.br\/wp-content\/uploads\/2026\/02\/Banner-1-ANO-1300x200px-1024x158.png 1024w, https:\/\/cafecommessias.com.br\/wp-content\/uploads\/2026\/02\/Banner-1-ANO-1300x200px-300x46.png 300w, https:\/\/cafecommessias.com.br\/wp-content\/uploads\/2026\/02\/Banner-1-ANO-1300x200px-768x118.png 768w, https:\/\/cafecommessias.com.br\/wp-content\/uploads\/2026\/02\/Banner-1-ANO-1300x200px.png 1300w\" sizes=\"auto, (max-width: 1024px) 100vw, 1024px\" \/><\/figure>\n\n\n\n<p><\/p>\n","protected":false},"excerpt":{"rendered":"<p>Quatro voos na rota entre Natal e Buenos Aires (Aeroporto de Ezeiza) foram cancelados nesta quinta-feira (19) em raz\u00e3o da greve geral na Argentina. A informa\u00e7\u00e3o foi confirmada pela Zurich Airport Brasil, concession\u00e1ria do Aeroporto Internacional de Natal. O balan\u00e7o inclui chegadas e partidas. De acordo com o painel do aeroporto, foram canceladas duas partidas&#8230;<\/p>\n","protected":false},"author":1,"featured_media":9569,"comment_status":"open","ping_status":"open","sticky":false,"template":"","format":"standard","meta":{"footnotes":""},"categories":[4,3],"tags":[],"class_list":["post-9567","post","type-post","status-publish","format-standard","has-post-thumbnail","hentry","category-anuncie-aqui","category-geral"],"_links":{"self":[{"href":"https:\/\/cafecommessias.com.br\/index.php?rest_route=\/wp\/v2\/posts\/9567","targetHints":{"allow":["GET"]}}],"collection":[{"href":"https:\/\/cafecommessias.com.br\/index.php?rest_route=\/wp\/v2\/posts"}],"about":[{"href":"https:\/\/cafecommessias.com.br\/index.php?rest_route=\/wp\/v2\/types\/post"}],"author":[{"embeddable":true,"href":"https:\/\/cafecommessias.com.br\/index.php?rest_route=\/wp\/v2\/users\/1"}],"replies":[{"embeddable":true,"href":"https:\/\/cafecommessias.com.br\/index.php?rest_route=%2Fwp%2Fv2%2Fcomments&post=9567"}],"version-history":[{"count":1,"href":"https:\/\/cafecommessias.com.br\/index.php?rest_route=\/wp\/v2\/posts\/9567\/revisions"}],"predecessor-version":[{"id":9570,"href":"https:\/\/cafecommessias.com.br\/index.php?rest_route=\/wp\/v2\/posts\/9567\/revisions\/9570"}],"wp:featuredmedia":[{"embeddable":true,"href":"https:\/\/cafecommessias.com.br\/index.php?rest_route=\/wp\/v2\/media\/9569"}],"wp:attachment":[{"href":"https:\/\/cafecommessias.com.br\/index.php?rest_route=%2Fwp%2Fv2%2Fmedia&parent=9567"}],"wp:term":[{"taxonomy":"category","embeddable":true,"href":"https:\/\/cafecommessias.com.br\/index.php?rest_route=%2Fwp%2Fv2%2Fcategories&post=9567"},{"taxonomy":"post_tag","embeddable":true,"href":"https:\/\/cafecommessias.com.br\/index.php?rest_route=%2Fwp%2Fv2%2Ftags&post=9567"}],"curies":[{"name":"wp","href":"https:\/\/api.w.org\/{rel}","templated":true}]}}