{"id":9589,"date":"2026-02-19T20:15:54","date_gmt":"2026-02-19T23:15:54","guid":{"rendered":"https:\/\/cafecommessias.com.br\/?p=9589"},"modified":"2026-02-19T20:16:15","modified_gmt":"2026-02-19T23:16:15","slug":"governo-lula-recua-e-avalia-aceitar-texto-de-derrite-em-pl-antifaccao","status":"publish","type":"post","link":"https:\/\/cafecommessias.com.br\/?p=9589","title":{"rendered":"Governo Lula recua e avalia aceitar texto de Derrite em PL Antifac\u00e7\u00e3o"},"content":{"rendered":"\n<p>O Minist\u00e9rio da Justi\u00e7a e Seguran\u00e7a P\u00fablica avalia aceitar o texto do deputado federal Guilherme Derrite (PP-SP) no Projeto de Lei Antifac\u00e7\u00e3o, que deve ir \u00e0 vota\u00e7\u00e3o na pr\u00f3xima semana. A sinaliza\u00e7\u00e3o foi dada pelo secret\u00e1rio de Assuntos Legislativos do MJ, Paulo Modesto, em conversa com a imprensa.<\/p>\n\n\n\n<p>Segundo Modesto, uma equipe t\u00e9cnica do minist\u00e9rio analisa tanto o texto de Derrite quanto a vers\u00e3o alterada no Senado Federal, onde a proposta foi relatada pelo senador Alessandro Vieira (MDB-SE). O projeto voltou \u00e0 C\u00e2mara ap\u00f3s mudan\u00e7as feitas pelos senadores, e o governo agora tenta construir um caminho de converg\u00eancia entre as duas vers\u00f5es.<\/p>\n\n\n\n<p>O secret\u00e1rio afirmou que a articula\u00e7\u00e3o envolve o presidente da C\u00e2mara, Hugo Motta (Republicanos-PB), e que o objetivo \u00e9 levar a plen\u00e1rio um texto considerado \u201ceficaz\u201d. Ele declarou que o governo n\u00e3o quer retomar normas que considera ultrapassadas, mas busca um consenso m\u00ednimo para aprova\u00e7\u00e3o da mat\u00e9ria.<\/p>\n\n\n\n<p>O movimento marca um recuo do Planalto. Antes, o governo defendia o texto do Senado e chegou a pressionar publicamente para retirar Derrite da relatoria, como fez a ministra das Rela\u00e7\u00f5es Institucionais, Gleisi Hoffmann. Derrite \u00e9 aliado direto do governador de S\u00e3o Paulo, Tarc\u00edsio de Freitas, e seu texto avan\u00e7ou no Congresso mesmo em meio \u00e0 resist\u00eancia inicial do governo Lula.<\/p>\n","protected":false},"excerpt":{"rendered":"<p>O Minist\u00e9rio da Justi\u00e7a e Seguran\u00e7a P\u00fablica avalia aceitar o texto do deputado federal Guilherme Derrite (PP-SP) no Projeto de Lei Antifac\u00e7\u00e3o, que deve ir \u00e0 vota\u00e7\u00e3o na pr\u00f3xima semana. A sinaliza\u00e7\u00e3o foi dada pelo secret\u00e1rio de Assuntos Legislativos do MJ, Paulo Modesto, em conversa com a imprensa. Segundo Modesto, uma equipe t\u00e9cnica do minist\u00e9rio&#8230;<\/p>\n","protected":false},"author":1,"featured_media":9590,"comment_status":"open","ping_status":"closed","sticky":false,"template":"","format":"standard","meta":{"footnotes":""},"categories":[3],"tags":[],"class_list":["post-9589","post","type-post","status-publish","format-standard","has-post-thumbnail","hentry","category-geral"],"_links":{"self":[{"href":"https:\/\/cafecommessias.com.br\/index.php?rest_route=\/wp\/v2\/posts\/9589","targetHints":{"allow":["GET"]}}],"collection":[{"href":"https:\/\/cafecommessias.com.br\/index.php?rest_route=\/wp\/v2\/posts"}],"about":[{"href":"https:\/\/cafecommessias.com.br\/index.php?rest_route=\/wp\/v2\/types\/post"}],"author":[{"embeddable":true,"href":"https:\/\/cafecommessias.com.br\/index.php?rest_route=\/wp\/v2\/users\/1"}],"replies":[{"embeddable":true,"href":"https:\/\/cafecommessias.com.br\/index.php?rest_route=%2Fwp%2Fv2%2Fcomments&post=9589"}],"version-history":[{"count":1,"href":"https:\/\/cafecommessias.com.br\/index.php?rest_route=\/wp\/v2\/posts\/9589\/revisions"}],"predecessor-version":[{"id":9591,"href":"https:\/\/cafecommessias.com.br\/index.php?rest_route=\/wp\/v2\/posts\/9589\/revisions\/9591"}],"wp:featuredmedia":[{"embeddable":true,"href":"https:\/\/cafecommessias.com.br\/index.php?rest_route=\/wp\/v2\/media\/9590"}],"wp:attachment":[{"href":"https:\/\/cafecommessias.com.br\/index.php?rest_route=%2Fwp%2Fv2%2Fmedia&parent=9589"}],"wp:term":[{"taxonomy":"category","embeddable":true,"href":"https:\/\/cafecommessias.com.br\/index.php?rest_route=%2Fwp%2Fv2%2Fcategories&post=9589"},{"taxonomy":"post_tag","embeddable":true,"href":"https:\/\/cafecommessias.com.br\/index.php?rest_route=%2Fwp%2Fv2%2Ftags&post=9589"}],"curies":[{"name":"wp","href":"https:\/\/api.w.org\/{rel}","templated":true}]}}