{"id":9602,"date":"2026-02-20T19:40:14","date_gmt":"2026-02-20T22:40:14","guid":{"rendered":"https:\/\/cafecommessias.com.br\/?p=9602"},"modified":"2026-02-20T19:40:35","modified_gmt":"2026-02-20T22:40:35","slug":"festas-secretas-com-autoridades-federais-viram-alvo-do-tcu-apos-pedido-do-mp","status":"publish","type":"post","link":"https:\/\/cafecommessias.com.br\/?p=9602","title":{"rendered":"Festas secretas com autoridades federais viram alvo do TCU ap\u00f3s pedido do MP"},"content":{"rendered":"\n<p>O Minist\u00e9rio P\u00fablico junto ao Tribunal de Contas da Uni\u00e3o (MPTCU) pediu que o TCU abra uma investiga\u00e7\u00e3o para apurar a presen\u00e7a de autoridades federais em festas realizadas na casa de veraneio do ex-banqueiro Daniel Vorcaro, em Trancoso, na Bahia. O pedido inclui a ado\u00e7\u00e3o de medidas imediatas, para evitar perda de provas e garantir a fiscaliza\u00e7\u00e3o.<\/p>\n\n\n\n<p>A representa\u00e7\u00e3o solicita que o TCU identifique quais autoridades p\u00fablicas participaram dos encontros e verifique se houve envolvimento de \u00f3rg\u00e3os ou entidades federais na organiza\u00e7\u00e3o ou no financiamento das festas.<\/p>\n\n\n\n<p>O pedido \u00e9 assinado pelo subprocurador-geral Lucas Rocha Furtado, que tamb\u00e9m requer a abertura de procedimento cautelar para coleta de documentos, informa\u00e7\u00f5es e depoimentos.<\/p>\n\n\n\n<p>Segundo o MPTCU, reportagens da imprensa apontam que os eventos tinham controle r\u00edgido de acesso, com proibi\u00e7\u00e3o de celulares e uso de detectores de metais. Ao mesmo tempo, a resid\u00eancia mantinha um sistema interno de c\u00e2meras, que gravava todos os c\u00f4modos, sob a justificativa de seguran\u00e7a pessoal do anfitri\u00e3o.<\/p>\n\n\n\n<p>De acordo com a representa\u00e7\u00e3o, os v\u00eddeos est\u00e3o sob cust\u00f3dia do MPF e da Pol\u00edcia Federal, com supervis\u00e3o do STF. O subprocurador afirma haver ind\u00edcios de que as imagens possam envolver figuras de alta relev\u00e2ncia do Poder Judici\u00e1rio, o que, segundo ele, pode afetar a credibilidade das institui\u00e7\u00f5es caso n\u00e3o haja esclarecimentos sobre poss\u00edveis irregularidades.<\/p>\n","protected":false},"excerpt":{"rendered":"<p>O Minist\u00e9rio P\u00fablico junto ao Tribunal de Contas da Uni\u00e3o (MPTCU) pediu que o TCU abra uma investiga\u00e7\u00e3o para apurar a presen\u00e7a de autoridades federais em festas realizadas na casa de veraneio do ex-banqueiro Daniel Vorcaro, em Trancoso, na Bahia. O pedido inclui a ado\u00e7\u00e3o de medidas imediatas, para evitar perda de provas e garantir&#8230;<\/p>\n","protected":false},"author":1,"featured_media":9603,"comment_status":"open","ping_status":"closed","sticky":false,"template":"","format":"standard","meta":{"footnotes":""},"categories":[39],"tags":[],"class_list":["post-9602","post","type-post","status-publish","format-standard","has-post-thumbnail","hentry","category-justica"],"_links":{"self":[{"href":"https:\/\/cafecommessias.com.br\/index.php?rest_route=\/wp\/v2\/posts\/9602","targetHints":{"allow":["GET"]}}],"collection":[{"href":"https:\/\/cafecommessias.com.br\/index.php?rest_route=\/wp\/v2\/posts"}],"about":[{"href":"https:\/\/cafecommessias.com.br\/index.php?rest_route=\/wp\/v2\/types\/post"}],"author":[{"embeddable":true,"href":"https:\/\/cafecommessias.com.br\/index.php?rest_route=\/wp\/v2\/users\/1"}],"replies":[{"embeddable":true,"href":"https:\/\/cafecommessias.com.br\/index.php?rest_route=%2Fwp%2Fv2%2Fcomments&post=9602"}],"version-history":[{"count":1,"href":"https:\/\/cafecommessias.com.br\/index.php?rest_route=\/wp\/v2\/posts\/9602\/revisions"}],"predecessor-version":[{"id":9604,"href":"https:\/\/cafecommessias.com.br\/index.php?rest_route=\/wp\/v2\/posts\/9602\/revisions\/9604"}],"wp:featuredmedia":[{"embeddable":true,"href":"https:\/\/cafecommessias.com.br\/index.php?rest_route=\/wp\/v2\/media\/9603"}],"wp:attachment":[{"href":"https:\/\/cafecommessias.com.br\/index.php?rest_route=%2Fwp%2Fv2%2Fmedia&parent=9602"}],"wp:term":[{"taxonomy":"category","embeddable":true,"href":"https:\/\/cafecommessias.com.br\/index.php?rest_route=%2Fwp%2Fv2%2Fcategories&post=9602"},{"taxonomy":"post_tag","embeddable":true,"href":"https:\/\/cafecommessias.com.br\/index.php?rest_route=%2Fwp%2Fv2%2Ftags&post=9602"}],"curies":[{"name":"wp","href":"https:\/\/api.w.org\/{rel}","templated":true}]}}