{"id":9608,"date":"2026-02-20T19:43:53","date_gmt":"2026-02-20T22:43:53","guid":{"rendered":"https:\/\/cafecommessias.com.br\/?p=9608"},"modified":"2026-02-20T19:44:05","modified_gmt":"2026-02-20T22:44:05","slug":"pgr-contraria-defesa-e-mantem-bolsonaro-preso-em-regime-fechado","status":"publish","type":"post","link":"https:\/\/cafecommessias.com.br\/?p=9608","title":{"rendered":"PGR contraria defesa e mant\u00e9m Bolsonaro preso em regime fechado"},"content":{"rendered":"\n<p>A PGR se manifestou contra um&nbsp;<a href=\"https:\/\/www.blogdobg.com.br\/defesa-fala-em-risco-de-morte-e-faz-novo-pedido-de-prisao-domiciliar-para-bolsonaro\/\">novo pedido de pris\u00e3o domiciliar humanit\u00e1ria<\/a>&nbsp;apresentado pela defesa do ex-presidente Jair Bolsonaro (PL), que est\u00e1 preso na Papudinha. O posicionamento foi assinado pelo procurador-geral da Rep\u00fablica, Paulo Gonet, e enviado ao STF.<\/p>\n\n\n\n<p>No pedido, os advogados alegaram que Bolsonaro enfrenta \u201cprogressiva deteriora\u00e7\u00e3o fisiol\u00f3gica\u201d, causada por doen\u00e7as cr\u00f4nicas e sequelas de cirurgias anteriores. A&nbsp;<a href=\"https:\/\/www.blogdobg.com.br\/defesa-fala-em-risco-de-morte-e-faz-novo-pedido-de-prisao-domiciliar-para-bolsonaro\/\">defesa sustentou haver risco de morte<\/a>&nbsp;e incompatibilidade entre o ambiente prisional e as terapias cont\u00ednuas indicadas, com base em parecer de um assistente t\u00e9cnico do m\u00e9dico Cl\u00e1udio Birolini e em relat\u00f3rio fisioterap\u00eautico.<\/p>\n\n\n\n<p>Gonet, por\u00e9m, afirmou que o ex-presidente recebe atendimento m\u00e9dico compat\u00edvel com as condi\u00e7\u00f5es descritas pela pr\u00f3pria defesa, dentro do ambiente prisional. Segundo o PGR, n\u00e3o houve mudan\u00e7a relevante no quadro f\u00e1tico e a unidade disp\u00f5e de assist\u00eancia m\u00e9dica 24 horas, al\u00e9m de estrutura avan\u00e7ada do Samu para atendimentos de urg\u00eancia.<\/p>\n\n\n\n<p>O procurador-geral tamb\u00e9m lembrou que o ministro Alexandre de Moraes, relator do caso no STF, j\u00e1 havia negado pedido semelhante e mantido a execu\u00e7\u00e3o da pena em regime fechado.<\/p>\n\n\n\n<p>Em decis\u00e3o de 19 de dezembro de 2025, Moraes destacou a gravidade dos atos relacionados a tentativas de fuga atribu\u00eddas a Bolsonaro, refor\u00e7ando o entendimento de que a pris\u00e3o domiciliar s\u00f3 cabe quando o tratamento m\u00e9dico n\u00e3o pode ser oferecido no local de cust\u00f3dia \u2014 o que, segundo a PGR, n\u00e3o \u00e9 o caso.<\/p>\n","protected":false},"excerpt":{"rendered":"<p>A PGR se manifestou contra um&nbsp;novo pedido de pris\u00e3o domiciliar humanit\u00e1ria&nbsp;apresentado pela defesa do ex-presidente Jair Bolsonaro (PL), que est\u00e1 preso na Papudinha. O posicionamento foi assinado pelo procurador-geral da Rep\u00fablica, Paulo Gonet, e enviado ao STF. No pedido, os advogados alegaram que Bolsonaro enfrenta \u201cprogressiva deteriora\u00e7\u00e3o fisiol\u00f3gica\u201d, causada por doen\u00e7as cr\u00f4nicas e sequelas de&#8230;<\/p>\n","protected":false},"author":1,"featured_media":9609,"comment_status":"open","ping_status":"closed","sticky":false,"template":"","format":"standard","meta":{"footnotes":""},"categories":[3],"tags":[],"class_list":["post-9608","post","type-post","status-publish","format-standard","has-post-thumbnail","hentry","category-geral"],"_links":{"self":[{"href":"https:\/\/cafecommessias.com.br\/index.php?rest_route=\/wp\/v2\/posts\/9608","targetHints":{"allow":["GET"]}}],"collection":[{"href":"https:\/\/cafecommessias.com.br\/index.php?rest_route=\/wp\/v2\/posts"}],"about":[{"href":"https:\/\/cafecommessias.com.br\/index.php?rest_route=\/wp\/v2\/types\/post"}],"author":[{"embeddable":true,"href":"https:\/\/cafecommessias.com.br\/index.php?rest_route=\/wp\/v2\/users\/1"}],"replies":[{"embeddable":true,"href":"https:\/\/cafecommessias.com.br\/index.php?rest_route=%2Fwp%2Fv2%2Fcomments&post=9608"}],"version-history":[{"count":1,"href":"https:\/\/cafecommessias.com.br\/index.php?rest_route=\/wp\/v2\/posts\/9608\/revisions"}],"predecessor-version":[{"id":9610,"href":"https:\/\/cafecommessias.com.br\/index.php?rest_route=\/wp\/v2\/posts\/9608\/revisions\/9610"}],"wp:featuredmedia":[{"embeddable":true,"href":"https:\/\/cafecommessias.com.br\/index.php?rest_route=\/wp\/v2\/media\/9609"}],"wp:attachment":[{"href":"https:\/\/cafecommessias.com.br\/index.php?rest_route=%2Fwp%2Fv2%2Fmedia&parent=9608"}],"wp:term":[{"taxonomy":"category","embeddable":true,"href":"https:\/\/cafecommessias.com.br\/index.php?rest_route=%2Fwp%2Fv2%2Fcategories&post=9608"},{"taxonomy":"post_tag","embeddable":true,"href":"https:\/\/cafecommessias.com.br\/index.php?rest_route=%2Fwp%2Fv2%2Ftags&post=9608"}],"curies":[{"name":"wp","href":"https:\/\/api.w.org\/{rel}","templated":true}]}}