{"id":9611,"date":"2026-02-20T19:49:41","date_gmt":"2026-02-20T22:49:41","guid":{"rendered":"https:\/\/cafecommessias.com.br\/?p=9611"},"modified":"2026-02-20T19:50:38","modified_gmt":"2026-02-20T22:50:38","slug":"escola-dom-joaquim-vai-ganhar-sede-propria-com-seis-salas-de-aula-no-centro-de-sao-goncalo-do-amarante","status":"publish","type":"post","link":"https:\/\/cafecommessias.com.br\/?p=9611","title":{"rendered":"Escola Dom Joaquim vai ganhar sede pr\u00f3pria com seis salas de aula no centro de S\u00e3o Gon\u00e7alo do Amarante"},"content":{"rendered":"\n<figure class=\"wp-block-image size-large\"><img loading=\"lazy\" decoding=\"async\" width=\"1024\" height=\"683\" src=\"https:\/\/cafecommessias.com.br\/wp-content\/uploads\/2026\/02\/37a33870-215e-4cdb-84cf-5efa82ab21b6-1024x683.jpg\" alt=\"\" class=\"wp-image-9612\" srcset=\"https:\/\/cafecommessias.com.br\/wp-content\/uploads\/2026\/02\/37a33870-215e-4cdb-84cf-5efa82ab21b6-1024x683.jpg 1024w, https:\/\/cafecommessias.com.br\/wp-content\/uploads\/2026\/02\/37a33870-215e-4cdb-84cf-5efa82ab21b6-300x200.jpg 300w, https:\/\/cafecommessias.com.br\/wp-content\/uploads\/2026\/02\/37a33870-215e-4cdb-84cf-5efa82ab21b6-768x512.jpg 768w, https:\/\/cafecommessias.com.br\/wp-content\/uploads\/2026\/02\/37a33870-215e-4cdb-84cf-5efa82ab21b6-600x400.jpg 600w, https:\/\/cafecommessias.com.br\/wp-content\/uploads\/2026\/02\/37a33870-215e-4cdb-84cf-5efa82ab21b6.jpg 1040w\" sizes=\"auto, (max-width: 1024px) 100vw, 1024px\" \/><\/figure>\n\n\n\n<p>O prefeito Jaime Calado participou nesta quinta-feira (19), ao lado da senadora e primeira-dama Zenaide Maia, da solenidade de assinatura da ordem de servi\u00e7o para a constru\u00e7\u00e3o de uma escola com seis salas de aula. A cerim\u00f4nia ocorreu no terreno onde ser\u00e1 erguido o pr\u00e9dio. Esta \u00e9 a quinta unidade em execu\u00e7\u00e3o em pouco mais de um ano da atual gest\u00e3o.<\/p>\n\n\n\n<p>O pr\u00e9dio ser\u00e1 implantado atr\u00e1s do CEMEF Maria Ant\u00f4nia, na regi\u00e3o do Polo do Saber, na Estrada de Guanduba, pr\u00f3ximo \u00e0 Universidade Aberta do Brasil, ao Instituto Federal do Rio Grande do Norte (IFRN) e ao Museu S\u00e9phora Bezerra.<\/p>\n\n\n\n<p>O novo espa\u00e7o vai sediar a Escola Municipal Dom Joaquim de Almeida, que funciona provisoriamente na Universidade Aberta do Brasil e passar\u00e1 a ter sede pr\u00f3pria.<\/p>\n\n\n\n<p>O investimento \u00e9 de R$ 2.121.038,62, com recursos do Fundeb\/OGM. A estrutura ser\u00e1 instalada num terreno de 6.278,19 metros quadrados de \u00e1rea total, sendo1.129,67 metros quadrados de \u00e1rea constru\u00edda.<\/p>\n\n\n\n<p>O projeto inclui seis salas de aula, sala de leitura, laborat\u00f3rio de inform\u00e1tica, diretoria, secretaria, sala de professores, almoxarifado, al\u00e9m de blocos sanit\u00e1rios masculino e feminino, cozinha, refeit\u00f3rio coberto e p\u00e1tio interativo.<\/p>\n\n\n\n<p>Durante a solenidade, o prefeito destacou a transforma\u00e7\u00e3o da \u00e1rea ao longo dos anos. \u201cQuando assumimos a Prefeitura, em 2009, isso aqui era uma fazenda. Conseguimos 30 hectares para construir o que hoje \u00e9 o Polo do Saber, com creche, escola de ensino fundamental, IFRN e Universidade Aberta do Brasil. A educa\u00e7\u00e3o \u00e9 a grande luz para o nosso futuro\u201d, afirmou.<\/p>\n\n\n\n<p>Moradora do conjunto do IFRN, Cris Medeiros, ex-aluna da Escola Municipal Dom Joaquim de Almeida, tamb\u00e9m comemorou. \u201cEstou emocionada em ver que a escola onde tive minha forma\u00e7\u00e3o vai ganhar sua sede pr\u00f3pria. Isso \u00e9 verdadeiramente valorizar a educa\u00e7\u00e3o\u201d, disse.<\/p>\n\n\n\n<p>A unidade vai ampliar a estrutura da rede p\u00fablica e aumentar a oferta de vagas na educa\u00e7\u00e3o b\u00e1sica.<\/p>\n\n\n\n<p>Participaram ainda do evento vereadores do munic\u00edpio, a deputada estadual Terezinha Maia, secret\u00e1rios municipais e moradores da regi\u00e3o.<\/p>\n\n\n\n<p class=\"has-text-align-center\"><strong><em>PUBLICIDADE<\/em><\/strong><\/p>\n\n\n\n<figure class=\"wp-block-image size-full\"><img loading=\"lazy\" decoding=\"async\" width=\"790\" height=\"200\" src=\"https:\/\/cafecommessias.com.br\/wp-content\/uploads\/2026\/02\/PMN-BANNER-SITE-CAFE-COM-MESSIAS-790-x-200-3.gif\" alt=\"\" class=\"wp-image-9580\"\/><\/figure>\n","protected":false},"excerpt":{"rendered":"<p>O prefeito Jaime Calado participou nesta quinta-feira (19), ao lado da senadora e primeira-dama Zenaide Maia, da solenidade de assinatura da ordem de servi\u00e7o para a constru\u00e7\u00e3o de uma escola com seis salas de aula. A cerim\u00f4nia ocorreu no terreno onde ser\u00e1 erguido o pr\u00e9dio. Esta \u00e9 a quinta unidade em execu\u00e7\u00e3o em pouco mais&#8230;<\/p>\n","protected":false},"author":1,"featured_media":9613,"comment_status":"open","ping_status":"closed","sticky":false,"template":"","format":"standard","meta":{"footnotes":""},"categories":[4,8],"tags":[],"class_list":["post-9611","post","type-post","status-publish","format-standard","has-post-thumbnail","hentry","category-anuncie-aqui","category-cidades"],"_links":{"self":[{"href":"https:\/\/cafecommessias.com.br\/index.php?rest_route=\/wp\/v2\/posts\/9611","targetHints":{"allow":["GET"]}}],"collection":[{"href":"https:\/\/cafecommessias.com.br\/index.php?rest_route=\/wp\/v2\/posts"}],"about":[{"href":"https:\/\/cafecommessias.com.br\/index.php?rest_route=\/wp\/v2\/types\/post"}],"author":[{"embeddable":true,"href":"https:\/\/cafecommessias.com.br\/index.php?rest_route=\/wp\/v2\/users\/1"}],"replies":[{"embeddable":true,"href":"https:\/\/cafecommessias.com.br\/index.php?rest_route=%2Fwp%2Fv2%2Fcomments&post=9611"}],"version-history":[{"count":2,"href":"https:\/\/cafecommessias.com.br\/index.php?rest_route=\/wp\/v2\/posts\/9611\/revisions"}],"predecessor-version":[{"id":9615,"href":"https:\/\/cafecommessias.com.br\/index.php?rest_route=\/wp\/v2\/posts\/9611\/revisions\/9615"}],"wp:featuredmedia":[{"embeddable":true,"href":"https:\/\/cafecommessias.com.br\/index.php?rest_route=\/wp\/v2\/media\/9613"}],"wp:attachment":[{"href":"https:\/\/cafecommessias.com.br\/index.php?rest_route=%2Fwp%2Fv2%2Fmedia&parent=9611"}],"wp:term":[{"taxonomy":"category","embeddable":true,"href":"https:\/\/cafecommessias.com.br\/index.php?rest_route=%2Fwp%2Fv2%2Fcategories&post=9611"},{"taxonomy":"post_tag","embeddable":true,"href":"https:\/\/cafecommessias.com.br\/index.php?rest_route=%2Fwp%2Fv2%2Ftags&post=9611"}],"curies":[{"name":"wp","href":"https:\/\/api.w.org\/{rel}","templated":true}]}}